


{"id":6869,"date":"2018-12-13T13:50:58","date_gmt":"2018-12-13T13:50:58","guid":{"rendered":"https:\/\/euprevent.eu\/?p=6869"},"modified":"2018-12-17T14:57:36","modified_gmt":"2018-12-17T14:57:36","slug":"jaarconferentie-van-de-who-rhn-samen-met-het-cor-in-de-emr","status":"publish","type":"post","link":"https:\/\/euprevent.eu\/nl\/jaarconferentie-van-de-who-rhn-samen-met-het-cor-in-de-emr\/","title":{"rendered":"Jaarconferentie van de WHO RHN  samen met het CoR  in de EMR"},"content":{"rendered":"<section class=\"wpb-content-wrapper\"><p>[vc_row css_animation=&#8221;none&#8221; css=&#8221;.vc_custom_1544438053943{margin-right: 0px !important;margin-left: 0px !important;background-image: url(https:\/\/euprevent.eu\/wp-content\/uploads\/2018\/12\/cor-head-jpg.jpg?id=6611) !important;background-position: center !important;background-repeat: no-repeat !important;background-size: cover !important;}&#8221; el_class=&#8221;event-header&#8221;][vc_column][vc_column_text]<\/p>\n<h3><strong>Jaarconferentie van de WHO RHN <\/strong><\/h3>\n<h3><strong>(World Health Organization Regions for Health Network) <\/strong><\/h3>\n<h3><strong>samen met het CoR (Europees Comit\u00e9 van de Regio\u2019s) <\/strong><\/h3>\n<h3><strong>in de EMR (Euregio Maas-Rijn)<\/strong><\/h3>\n<p>[\/vc_column_text][\/vc_column][\/vc_row][vc_row css=&#8221;.vc_custom_1544439585677{margin-top: 0px !important;margin-bottom: 0px !important;padding-top: 0px !important;padding-bottom: 0px !important;}&#8221;][vc_column css=&#8221;.vc_custom_1544439773644{padding-top: 10px !important;padding-bottom: 60px !important;}&#8221;][vc_single_image image=&#8221;6635&#8243; img_size=&#8221;full&#8221; alignment=&#8221;center&#8221; css=&#8221;.vc_custom_1544439634518{margin-bottom: 0px !important;}&#8221;][\/vc_column][\/vc_row][vc_row][vc_column][vc_column_text]Op 12.12.2018 heeft het Uitvoerend Comit\u00e9 van de Euregio Maas-Rijn de organisatie van<a href=\"https:\/\/euprevent.eu\/nl\/who-rhn-cor-conference\/\"> het 25e jaarconferentie in 2019 <\/a>van de WHO RHN samen met de Comit\u00e9 van de Regio&#8217;s goedgekeurd.<\/p>\n<p>Om doeltreffende oplossingen te vinden voor verschillende gezondheidszorgproblemen is in 2016 een \u2018Memorandum van Overeenstemming\u2019 over gemeenschappelijke gezondheidsdoelstellingen voor de Europese regio&#8217;s tussen het CoR en de WHO ondertekend. Het doel van deze conferentie is dan ook om de basis te leggen voor een gezamenlijke strategie voor de toekomst van de WHO RHN en het CoR voor gezonde regio&#8217;s in Europa.<\/p>\n<p>Deze conferentie viert ook de 25e verjaardag van de jaarlijkse WHO RHN-bijeenkomst. Sinds eind 2017 bereidt de EMR de uitvoering van dit congres voor in nauwe samenwerking met de Stichting euPrevent|EMR. Het centrale thema is &#8220;Mensen centraal stellen in het gezondheids- en duurzaam ontwikkelingsbeleid&#8221;.<\/p>\n<p>De Euregio Maas-Rijn heeft meer dan 40 jaar ervaring in grensoverschrijdende samenwerking in de gezondheidszorg. Deze langdurige samenwerking binnen de EMR heeft ervoor gezorgd dat de EMR als enige grensoverschrijdende gezondheidsregio lid heeft kunnen worden van de WHO RHN.<\/p>\n<p>Maar hoe dicht staat het thema \u2018gezondheid\u2019 eigenlijk bij de burger? Vaak wordt er van alles besproken op supra- en\/of nationaal niveau, maar wordt er nauwelijks met de burger gesproken. In februari 2019 zullen daarom, als integraal onderdeel van deze conferentie en met de hulp van het Interreg People to People-programma, voor het eerst op lokaal niveau burgertoppen worden gehouden. In <a href=\"https:\/\/euprevent.eu\/nl\/event\/citizen-summits\/\">twee burgertoppen<\/a> wordt de mening van de burgers gevraagd over de thema&#8217;s &#8220;equity&#8221;, &#8220;participatory approach&#8221; en &#8220;human resources in health&#8221;. Dit zijn de inhoudelijke kwesties die tijdens de jaarlijkse WHO RHN CoR-conferentie aan de orde moeten komen. De resultaten van de burgertoppen zullen een van de belangrijkste elementen en input voor deze conferentie zijn. Tijdens de conferentie wordt een film en verslag gepubliceerd.<\/p>\n<p>De vermindering van ongelijkheden op gezondheidsgebied, \u2018equity\u2019, is noodzakelijk omdat gezondheid en welzijn een fundamenteel mensenrecht is. Om effectief en duurzaam te handelen, is het belangrijk om invloed uit te oefenen waar vooruitgang in termen van gezondheid en algemeen welzijn ten voordele van de burger kan worden bereikt.<\/p>\n<p>De \u2018participatory approach\u2019 betekent dat de burger centraal moet staan. Er moet rekening worden gehouden met de mening en behoeften van burgers en pati\u00ebnten. De burger moet worden gezien als een essenti\u00eble, volwaardige en ge\u00ebmancipeerde partner en actor in de gezondheidssector en als dusdanig betrokken worden in het proces.<\/p>\n<p>Met betrekking tot \u2018human resources in health\u2019 moet worden vastgesteld dat er, gezien de demografische ontwikkelingen in veel regio&#8217;s van Europa, waaronder de Euregio Maas-Rijn, een tekort aan geschoold personeel op verschillende gezondheidsgebieden bestaat. Dit onderwerp en de aanpak hoe dit aangepakt kan worden zal ook tijdens de conferentie worden besproken.<\/p>\n<p><strong>Gegevens: <\/strong><\/p>\n<p>Persconferentie: 09.02.2019<\/p>\n<p><a href=\"https:\/\/euprevent.eu\/nl\/event\/citizen-summits\/\">Burgertop in Eupen<\/a>: 09.02.2019 (Voor Duitstalige en Franstalige burgers)<\/p>\n<p><a href=\"https:\/\/euprevent.eu\/nl\/event\/citizen-summits\/\">Burgertop in Aken<\/a>: 16. 02.2019 (Voor Duitstalige en Nederlandstalige burgers)[\/vc_column_text][\/vc_column][\/vc_row][vc_row css=&#8221;.vc_custom_1544439585677{margin-top: 0px !important;margin-bottom: 0px !important;padding-top: 0px !important;padding-bottom: 0px !important;}&#8221;][vc_column css=&#8221;.vc_custom_1544439750431{padding-top: 25px !important;padding-bottom: 0px !important;}&#8221;][vc_single_image image=&#8221;6639&#8243; img_size=&#8221;full&#8221; alignment=&#8221;center&#8221; css=&#8221;.vc_custom_1544439674875{margin-bottom: 0px !important;}&#8221;][\/vc_column][\/vc_row]<\/p>\n<\/section>","protected":false},"excerpt":{"rendered":"<p>[vc_row css_animation=&#8221;none&#8221; css=&#8221;.vc_custom_1544438053943{margin-right: 0px !important;margin-left: 0px !important;background-image: url(https:\/\/euprevent.eu\/wp-content\/uploads\/2018\/12\/cor-head-jpg.jpg?id=6611) !important;background-position: center !important;background-repeat: no-repeat !important;background-size: cover !important;}&#8221; el_class=&#8221;event-header&#8221;][vc_column][vc_column_text] Jaarconferentie van de WHO RHN (World Health Organization Regions for Health Network) samen met het CoR (Europees Comit\u00e9 van de Regio\u2019s) in de EMR (Euregio Maas-Rijn) [\/vc_column_text][\/vc_column][\/vc_row][vc_row css=&#8221;.vc_custom_1544439585677{margin-top: 0px !important;margin-bottom: 0px !important;padding-top: 0px !important;padding-bottom: 0px !important;}&#8221;][vc_column css=&#8221;.vc_custom_1544439773644{padding-top: 10px !important;padding-bottom: [&hellip;]<\/p>\n","protected":false},"author":1,"featured_media":6686,"comment_status":"closed","ping_status":"closed","sticky":false,"template":"","format":"standard","meta":{"_acf_changed":false,"footnotes":""},"categories":[1],"tags":[],"class_list":["post-6869","post","type-post","status-publish","format-standard","has-post-thumbnail","hentry","category-geen-onderdeel-van-een-categorie","programmes-crossing-programmes","projects-project-verkenning"],"acf":[],"yoast_head":"<!-- This site is optimized with the Yoast SEO plugin v27.5 - https:\/\/yoast.com\/product\/yoast-seo-wordpress\/ -->\n<title>Jaarconferentie van de WHO RHN samen met het CoR in de EMR - euPrevent<\/title>\n<meta name=\"robots\" content=\"index, follow, max-snippet:-1, max-image-preview:large, max-video-preview:-1\" \/>\n<link rel=\"canonical\" href=\"https:\/\/euprevent.eu\/nl\/jaarconferentie-van-de-who-rhn-samen-met-het-cor-in-de-emr\/\" \/>\n<meta property=\"og:locale\" content=\"nl_NL\" \/>\n<meta property=\"og:type\" content=\"article\" \/>\n<meta property=\"og:title\" content=\"Jaarconferentie van de WHO RHN samen met het CoR in de EMR - euPrevent\" \/>\n<meta property=\"og:description\" content=\"[vc_row css_animation=&#8221;none&#8221; css=&#8221;.vc_custom_1544438053943{margin-right: 0px !important;margin-left: 0px !important;background-image: url(https:\/\/euprevent.eu\/wp-content\/uploads\/2018\/12\/cor-head-jpg.jpg?id=6611) !important;background-position: center !important;background-repeat: no-repeat !important;background-size: cover !important;}&#8221; el_class=&#8221;event-header&#8221;][vc_column][vc_column_text] Jaarconferentie van de WHO RHN (World Health Organization Regions for Health Network) samen met het CoR (Europees Comit\u00e9 van de Regio\u2019s) in de EMR (Euregio Maas-Rijn) [\/vc_column_text][\/vc_column][\/vc_row][vc_row css=&#8221;.vc_custom_1544439585677{margin-top: 0px !important;margin-bottom: 0px !important;padding-top: 0px !important;padding-bottom: 0px !important;}&#8221;][vc_column css=&#8221;.vc_custom_1544439773644{padding-top: 10px !important;padding-bottom: [&hellip;]\" \/>\n<meta property=\"og:url\" content=\"https:\/\/euprevent.eu\/nl\/jaarconferentie-van-de-who-rhn-samen-met-het-cor-in-de-emr\/\" \/>\n<meta property=\"og:site_name\" content=\"euPrevent\" \/>\n<meta property=\"article:published_time\" content=\"2018-12-13T13:50:58+00:00\" \/>\n<meta property=\"article:modified_time\" content=\"2018-12-17T14:57:36+00:00\" \/>\n<meta property=\"og:image\" content=\"https:\/\/euprevent.eu\/wp-content\/uploads\/2018\/12\/who-cor.jpg\" \/>\n\t<meta property=\"og:image:width\" content=\"900\" \/>\n\t<meta property=\"og:image:height\" content=\"601\" \/>\n\t<meta property=\"og:image:type\" content=\"image\/jpeg\" \/>\n<meta name=\"author\" content=\"eyetractive\" \/>\n<meta name=\"twitter:card\" content=\"summary_large_image\" \/>\n<meta name=\"twitter:label1\" content=\"Geschreven door\" \/>\n\t<meta name=\"twitter:data1\" content=\"eyetractive\" \/>\n\t<meta name=\"twitter:label2\" content=\"Geschatte leestijd\" \/>\n\t<meta name=\"twitter:data2\" content=\"3 minuten\" \/>\n<script type=\"application\/ld+json\" class=\"yoast-schema-graph\">{\"@context\":\"https:\\\/\\\/schema.org\",\"@graph\":[{\"@type\":\"Article\",\"@id\":\"https:\\\/\\\/euprevent.eu\\\/nl\\\/jaarconferentie-van-de-who-rhn-samen-met-het-cor-in-de-emr\\\/#article\",\"isPartOf\":{\"@id\":\"https:\\\/\\\/euprevent.eu\\\/nl\\\/jaarconferentie-van-de-who-rhn-samen-met-het-cor-in-de-emr\\\/\"},\"author\":{\"name\":\"eyetractive\",\"@id\":\"https:\\\/\\\/euprevent.eu\\\/nl\\\/#\\\/schema\\\/person\\\/01e8c5f84586aceafa63db8f4dc6eadd\"},\"headline\":\"Jaarconferentie van de WHO RHN samen met het CoR in de EMR\",\"datePublished\":\"2018-12-13T13:50:58+00:00\",\"dateModified\":\"2018-12-17T14:57:36+00:00\",\"mainEntityOfPage\":{\"@id\":\"https:\\\/\\\/euprevent.eu\\\/nl\\\/jaarconferentie-van-de-who-rhn-samen-met-het-cor-in-de-emr\\\/\"},\"wordCount\":659,\"image\":{\"@id\":\"https:\\\/\\\/euprevent.eu\\\/nl\\\/jaarconferentie-van-de-who-rhn-samen-met-het-cor-in-de-emr\\\/#primaryimage\"},\"thumbnailUrl\":\"https:\\\/\\\/euprevent.eu\\\/wp-content\\\/uploads\\\/2018\\\/12\\\/who-cor.jpg\",\"articleSection\":[\"Geen onderdeel van een categorie\"],\"inLanguage\":\"nl-NL\"},{\"@type\":\"WebPage\",\"@id\":\"https:\\\/\\\/euprevent.eu\\\/nl\\\/jaarconferentie-van-de-who-rhn-samen-met-het-cor-in-de-emr\\\/\",\"url\":\"https:\\\/\\\/euprevent.eu\\\/nl\\\/jaarconferentie-van-de-who-rhn-samen-met-het-cor-in-de-emr\\\/\",\"name\":\"Jaarconferentie van de WHO RHN samen met het CoR in de EMR - euPrevent\",\"isPartOf\":{\"@id\":\"https:\\\/\\\/euprevent.eu\\\/nl\\\/#website\"},\"primaryImageOfPage\":{\"@id\":\"https:\\\/\\\/euprevent.eu\\\/nl\\\/jaarconferentie-van-de-who-rhn-samen-met-het-cor-in-de-emr\\\/#primaryimage\"},\"image\":{\"@id\":\"https:\\\/\\\/euprevent.eu\\\/nl\\\/jaarconferentie-van-de-who-rhn-samen-met-het-cor-in-de-emr\\\/#primaryimage\"},\"thumbnailUrl\":\"https:\\\/\\\/euprevent.eu\\\/wp-content\\\/uploads\\\/2018\\\/12\\\/who-cor.jpg\",\"datePublished\":\"2018-12-13T13:50:58+00:00\",\"dateModified\":\"2018-12-17T14:57:36+00:00\",\"author\":{\"@id\":\"https:\\\/\\\/euprevent.eu\\\/nl\\\/#\\\/schema\\\/person\\\/01e8c5f84586aceafa63db8f4dc6eadd\"},\"breadcrumb\":{\"@id\":\"https:\\\/\\\/euprevent.eu\\\/nl\\\/jaarconferentie-van-de-who-rhn-samen-met-het-cor-in-de-emr\\\/#breadcrumb\"},\"inLanguage\":\"nl-NL\",\"potentialAction\":[{\"@type\":\"ReadAction\",\"target\":[\"https:\\\/\\\/euprevent.eu\\\/nl\\\/jaarconferentie-van-de-who-rhn-samen-met-het-cor-in-de-emr\\\/\"]}]},{\"@type\":\"ImageObject\",\"inLanguage\":\"nl-NL\",\"@id\":\"https:\\\/\\\/euprevent.eu\\\/nl\\\/jaarconferentie-van-de-who-rhn-samen-met-het-cor-in-de-emr\\\/#primaryimage\",\"url\":\"https:\\\/\\\/euprevent.eu\\\/wp-content\\\/uploads\\\/2018\\\/12\\\/who-cor.jpg\",\"contentUrl\":\"https:\\\/\\\/euprevent.eu\\\/wp-content\\\/uploads\\\/2018\\\/12\\\/who-cor.jpg\",\"width\":900,\"height\":601},{\"@type\":\"BreadcrumbList\",\"@id\":\"https:\\\/\\\/euprevent.eu\\\/nl\\\/jaarconferentie-van-de-who-rhn-samen-met-het-cor-in-de-emr\\\/#breadcrumb\",\"itemListElement\":[{\"@type\":\"ListItem\",\"position\":1,\"name\":\"Home\",\"item\":\"https:\\\/\\\/euprevent.eu\\\/nl\\\/\"},{\"@type\":\"ListItem\",\"position\":2,\"name\":\"Jaarconferentie van de WHO RHN samen met het CoR in de EMR\"}]},{\"@type\":\"WebSite\",\"@id\":\"https:\\\/\\\/euprevent.eu\\\/nl\\\/#website\",\"url\":\"https:\\\/\\\/euprevent.eu\\\/nl\\\/\",\"name\":\"euPrevent\",\"description\":\"euPrevent is a Euroregional network that focuses on promoting health. Within this network, sustainable partnerships seek to increase the quality of life of residents in the border region between the Netherlands, Belgium and Germany.\",\"potentialAction\":[{\"@type\":\"SearchAction\",\"target\":{\"@type\":\"EntryPoint\",\"urlTemplate\":\"https:\\\/\\\/euprevent.eu\\\/nl\\\/?s={search_term_string}\"},\"query-input\":{\"@type\":\"PropertyValueSpecification\",\"valueRequired\":true,\"valueName\":\"search_term_string\"}}],\"inLanguage\":\"nl-NL\"},{\"@type\":\"Person\",\"@id\":\"https:\\\/\\\/euprevent.eu\\\/nl\\\/#\\\/schema\\\/person\\\/01e8c5f84586aceafa63db8f4dc6eadd\",\"name\":\"eyetractive\"}]}<\/script>\n<!-- \/ Yoast SEO plugin. -->","yoast_head_json":{"title":"Jaarconferentie van de WHO RHN samen met het CoR in de EMR - euPrevent","robots":{"index":"index","follow":"follow","max-snippet":"max-snippet:-1","max-image-preview":"max-image-preview:large","max-video-preview":"max-video-preview:-1"},"canonical":"https:\/\/euprevent.eu\/nl\/jaarconferentie-van-de-who-rhn-samen-met-het-cor-in-de-emr\/","og_locale":"nl_NL","og_type":"article","og_title":"Jaarconferentie van de WHO RHN samen met het CoR in de EMR - euPrevent","og_description":"[vc_row css_animation=&#8221;none&#8221; css=&#8221;.vc_custom_1544438053943{margin-right: 0px !important;margin-left: 0px !important;background-image: url(https:\/\/euprevent.eu\/wp-content\/uploads\/2018\/12\/cor-head-jpg.jpg?id=6611) !important;background-position: center !important;background-repeat: no-repeat !important;background-size: cover !important;}&#8221; el_class=&#8221;event-header&#8221;][vc_column][vc_column_text] Jaarconferentie van de WHO RHN (World Health Organization Regions for Health Network) samen met het CoR (Europees Comit\u00e9 van de Regio\u2019s) in de EMR (Euregio Maas-Rijn) [\/vc_column_text][\/vc_column][\/vc_row][vc_row css=&#8221;.vc_custom_1544439585677{margin-top: 0px !important;margin-bottom: 0px !important;padding-top: 0px !important;padding-bottom: 0px !important;}&#8221;][vc_column css=&#8221;.vc_custom_1544439773644{padding-top: 10px !important;padding-bottom: [&hellip;]","og_url":"https:\/\/euprevent.eu\/nl\/jaarconferentie-van-de-who-rhn-samen-met-het-cor-in-de-emr\/","og_site_name":"euPrevent","article_published_time":"2018-12-13T13:50:58+00:00","article_modified_time":"2018-12-17T14:57:36+00:00","og_image":[{"width":900,"height":601,"url":"https:\/\/euprevent.eu\/wp-content\/uploads\/2018\/12\/who-cor.jpg","type":"image\/jpeg"}],"author":"eyetractive","twitter_card":"summary_large_image","twitter_misc":{"Geschreven door":"eyetractive","Geschatte leestijd":"3 minuten"},"schema":{"@context":"https:\/\/schema.org","@graph":[{"@type":"Article","@id":"https:\/\/euprevent.eu\/nl\/jaarconferentie-van-de-who-rhn-samen-met-het-cor-in-de-emr\/#article","isPartOf":{"@id":"https:\/\/euprevent.eu\/nl\/jaarconferentie-van-de-who-rhn-samen-met-het-cor-in-de-emr\/"},"author":{"name":"eyetractive","@id":"https:\/\/euprevent.eu\/nl\/#\/schema\/person\/01e8c5f84586aceafa63db8f4dc6eadd"},"headline":"Jaarconferentie van de WHO RHN samen met het CoR in de EMR","datePublished":"2018-12-13T13:50:58+00:00","dateModified":"2018-12-17T14:57:36+00:00","mainEntityOfPage":{"@id":"https:\/\/euprevent.eu\/nl\/jaarconferentie-van-de-who-rhn-samen-met-het-cor-in-de-emr\/"},"wordCount":659,"image":{"@id":"https:\/\/euprevent.eu\/nl\/jaarconferentie-van-de-who-rhn-samen-met-het-cor-in-de-emr\/#primaryimage"},"thumbnailUrl":"https:\/\/euprevent.eu\/wp-content\/uploads\/2018\/12\/who-cor.jpg","articleSection":["Geen onderdeel van een categorie"],"inLanguage":"nl-NL"},{"@type":"WebPage","@id":"https:\/\/euprevent.eu\/nl\/jaarconferentie-van-de-who-rhn-samen-met-het-cor-in-de-emr\/","url":"https:\/\/euprevent.eu\/nl\/jaarconferentie-van-de-who-rhn-samen-met-het-cor-in-de-emr\/","name":"Jaarconferentie van de WHO RHN samen met het CoR in de EMR - euPrevent","isPartOf":{"@id":"https:\/\/euprevent.eu\/nl\/#website"},"primaryImageOfPage":{"@id":"https:\/\/euprevent.eu\/nl\/jaarconferentie-van-de-who-rhn-samen-met-het-cor-in-de-emr\/#primaryimage"},"image":{"@id":"https:\/\/euprevent.eu\/nl\/jaarconferentie-van-de-who-rhn-samen-met-het-cor-in-de-emr\/#primaryimage"},"thumbnailUrl":"https:\/\/euprevent.eu\/wp-content\/uploads\/2018\/12\/who-cor.jpg","datePublished":"2018-12-13T13:50:58+00:00","dateModified":"2018-12-17T14:57:36+00:00","author":{"@id":"https:\/\/euprevent.eu\/nl\/#\/schema\/person\/01e8c5f84586aceafa63db8f4dc6eadd"},"breadcrumb":{"@id":"https:\/\/euprevent.eu\/nl\/jaarconferentie-van-de-who-rhn-samen-met-het-cor-in-de-emr\/#breadcrumb"},"inLanguage":"nl-NL","potentialAction":[{"@type":"ReadAction","target":["https:\/\/euprevent.eu\/nl\/jaarconferentie-van-de-who-rhn-samen-met-het-cor-in-de-emr\/"]}]},{"@type":"ImageObject","inLanguage":"nl-NL","@id":"https:\/\/euprevent.eu\/nl\/jaarconferentie-van-de-who-rhn-samen-met-het-cor-in-de-emr\/#primaryimage","url":"https:\/\/euprevent.eu\/wp-content\/uploads\/2018\/12\/who-cor.jpg","contentUrl":"https:\/\/euprevent.eu\/wp-content\/uploads\/2018\/12\/who-cor.jpg","width":900,"height":601},{"@type":"BreadcrumbList","@id":"https:\/\/euprevent.eu\/nl\/jaarconferentie-van-de-who-rhn-samen-met-het-cor-in-de-emr\/#breadcrumb","itemListElement":[{"@type":"ListItem","position":1,"name":"Home","item":"https:\/\/euprevent.eu\/nl\/"},{"@type":"ListItem","position":2,"name":"Jaarconferentie van de WHO RHN samen met het CoR in de EMR"}]},{"@type":"WebSite","@id":"https:\/\/euprevent.eu\/nl\/#website","url":"https:\/\/euprevent.eu\/nl\/","name":"euPrevent","description":"euPrevent is a Euroregional network that focuses on promoting health. Within this network, sustainable partnerships seek to increase the quality of life of residents in the border region between the Netherlands, Belgium and Germany.","potentialAction":[{"@type":"SearchAction","target":{"@type":"EntryPoint","urlTemplate":"https:\/\/euprevent.eu\/nl\/?s={search_term_string}"},"query-input":{"@type":"PropertyValueSpecification","valueRequired":true,"valueName":"search_term_string"}}],"inLanguage":"nl-NL"},{"@type":"Person","@id":"https:\/\/euprevent.eu\/nl\/#\/schema\/person\/01e8c5f84586aceafa63db8f4dc6eadd","name":"eyetractive"}]}},"_links":{"self":[{"href":"https:\/\/euprevent.eu\/nl\/wp-json\/wp\/v2\/posts\/6869","targetHints":{"allow":["GET"]}}],"collection":[{"href":"https:\/\/euprevent.eu\/nl\/wp-json\/wp\/v2\/posts"}],"about":[{"href":"https:\/\/euprevent.eu\/nl\/wp-json\/wp\/v2\/types\/post"}],"author":[{"embeddable":true,"href":"https:\/\/euprevent.eu\/nl\/wp-json\/wp\/v2\/users\/1"}],"replies":[{"embeddable":true,"href":"https:\/\/euprevent.eu\/nl\/wp-json\/wp\/v2\/comments?post=6869"}],"version-history":[{"count":3,"href":"https:\/\/euprevent.eu\/nl\/wp-json\/wp\/v2\/posts\/6869\/revisions"}],"predecessor-version":[{"id":6873,"href":"https:\/\/euprevent.eu\/nl\/wp-json\/wp\/v2\/posts\/6869\/revisions\/6873"}],"wp:featuredmedia":[{"embeddable":true,"href":"https:\/\/euprevent.eu\/nl\/wp-json\/wp\/v2\/media\/6686"}],"wp:attachment":[{"href":"https:\/\/euprevent.eu\/nl\/wp-json\/wp\/v2\/media?parent=6869"}],"wp:term":[{"taxonomy":"category","embeddable":true,"href":"https:\/\/euprevent.eu\/nl\/wp-json\/wp\/v2\/categories?post=6869"},{"taxonomy":"post_tag","embeddable":true,"href":"https:\/\/euprevent.eu\/nl\/wp-json\/wp\/v2\/tags?post=6869"}],"curies":[{"name":"wp","href":"https:\/\/api.w.org\/{rel}","templated":true}]}}