


{"id":4238,"date":"2018-04-18T10:08:25","date_gmt":"2018-04-18T10:08:25","guid":{"rendered":"https:\/\/euprevent.eu\/euprevent-voice-in-article-on-noncommunicable-diseases\/"},"modified":"2018-04-19T09:47:49","modified_gmt":"2018-04-19T09:47:49","slug":"euprevent-voice-in-article-on-noncommunicable-diseases","status":"publish","type":"post","link":"https:\/\/euprevent.eu\/fr\/euprevent-voice-in-article-on-noncommunicable-diseases\/","title":{"rendered":"euPrevent&rsquo;s voice in WHO article on noncommunicable diseases"},"content":{"rendered":"<section class=\"wpb-content-wrapper\"><p>[vc_row][vc_column][vc_column_text el_class=\u00a0\u00bbalert alert-info\u00a0\u00bb]Cette information est seulement disponible en anglais.[\/vc_column_text][\/vc_column][\/vc_row][vc_row][vc_column width=\u00a0\u00bb1\/2&Prime;][vc_column_text]During World Health Organization&rsquo;s (WHO) <a href=\"http:\/\/www.euro.who.int\/en\/media-centre\/events\/events\/2018\/04\/high-level-regional-meeting-health-systems-respond-to-ncds-experience-in-the-european-region\" target=\"_blank\" rel=\"noopener\">High-level regional meeting in Sitges<\/a> (16-18 April, 2018), the article &lsquo;Health Systems respons to noncommunicable diseases (NCDs): the opportunities and challenges for leapfrogging&rsquo; was presented. With Brigitte van der Zanden, director of the euPrevent | EMR foundation, as one of the voices from the WHO European Region.<\/p>\n<p>Read the whole article in <a href=\"http:\/\/www.euro.who.int\/__data\/assets\/pdf_file\/0005\/365972\/EH_v24n1.pdf\" target=\"_blank\" rel=\"noopener\">Eurohealth,<\/a> volume 24, number 1, 2018, page 8.[\/vc_column_text][\/vc_column][vc_column width=\u00a0\u00bb1\/2&Prime;][vc_gallery interval=\u00a0\u00bb3&Prime; images=\u00a0\u00bb4229&Prime; img_size=\u00a0\u00bbfull\u00a0\u00bb][\/vc_column][\/vc_row]<\/p>\n<\/section>","protected":false},"excerpt":{"rendered":"<p>[vc_row][vc_column][vc_column_text el_class=\u00a0\u00bbalert alert-info\u00a0\u00bb]Cette information est seulement disponible en anglais.[\/vc_column_text][\/vc_column][\/vc_row][vc_row][vc_column width=\u00a0\u00bb1\/2&Prime;][vc_column_text]During World Health Organization&rsquo;s (WHO) High-level regional meeting in Sitges (16-18 April, 2018), the article &lsquo;Health Systems respons to noncommunicable diseases (NCDs): the opportunities and challenges for leapfrogging&rsquo; was presented. With Brigitte van der Zanden, director of the euPrevent | EMR foundation, as one of the [&hellip;]<\/p>\n","protected":false},"author":1,"featured_media":4229,"comment_status":"closed","ping_status":"closed","sticky":false,"template":"","format":"standard","meta":{"_acf_changed":false,"footnotes":""},"categories":[24],"tags":[],"class_list":["post-4238","post","type-post","status-publish","format-standard","has-post-thumbnail","hentry","category-non-classifiee","programmes-crossing-programmes"],"acf":[],"yoast_head":"<!-- This site is optimized with the Yoast SEO plugin v27.5 - https:\/\/yoast.com\/product\/yoast-seo-wordpress\/ -->\n<title>euPrevent&#039;s voice in WHO article on noncommunicable diseases - euPrevent<\/title>\n<meta name=\"robots\" content=\"index, follow, max-snippet:-1, max-image-preview:large, max-video-preview:-1\" \/>\n<link rel=\"canonical\" href=\"https:\/\/euprevent.eu\/fr\/euprevent-voice-in-article-on-noncommunicable-diseases\/\" \/>\n<meta property=\"og:locale\" content=\"fr_FR\" \/>\n<meta property=\"og:type\" content=\"article\" \/>\n<meta property=\"og:title\" content=\"euPrevent&#039;s voice in WHO article on noncommunicable diseases - euPrevent\" \/>\n<meta property=\"og:description\" content=\"[vc_row][vc_column][vc_column_text el_class=\u00a0\u00bbalert alert-info\u00a0\u00bb]Cette information est seulement disponible en anglais.[\/vc_column_text][\/vc_column][\/vc_row][vc_row][vc_column width=\u00a0\u00bb1\/2&Prime;][vc_column_text]During World Health Organization&rsquo;s (WHO) High-level regional meeting in Sitges (16-18 April, 2018), the article &lsquo;Health Systems respons to noncommunicable diseases (NCDs): the opportunities and challenges for leapfrogging&rsquo; was presented. With Brigitte van der Zanden, director of the euPrevent | EMR foundation, as one of the [&hellip;]\" \/>\n<meta property=\"og:url\" content=\"https:\/\/euprevent.eu\/fr\/euprevent-voice-in-article-on-noncommunicable-diseases\/\" \/>\n<meta property=\"og:site_name\" content=\"euPrevent\" \/>\n<meta property=\"article:published_time\" content=\"2018-04-18T10:08:25+00:00\" \/>\n<meta property=\"article:modified_time\" content=\"2018-04-19T09:47:49+00:00\" \/>\n<meta property=\"og:image\" content=\"https:\/\/euprevent.eu\/wp-content\/uploads\/2018\/04\/WHO-NCD.png\" \/>\n\t<meta property=\"og:image:width\" content=\"360\" \/>\n\t<meta property=\"og:image:height\" content=\"640\" \/>\n\t<meta property=\"og:image:type\" content=\"image\/png\" \/>\n<meta name=\"author\" content=\"eyetractive\" \/>\n<meta name=\"twitter:card\" content=\"summary_large_image\" \/>\n<meta name=\"twitter:label1\" content=\"\u00c9crit par\" \/>\n\t<meta name=\"twitter:data1\" content=\"eyetractive\" \/>\n\t<meta name=\"twitter:label2\" content=\"Dur\u00e9e de lecture estim\u00e9e\" \/>\n\t<meta name=\"twitter:data2\" content=\"1 minute\" \/>\n<script type=\"application\/ld+json\" class=\"yoast-schema-graph\">{\"@context\":\"https:\\\/\\\/schema.org\",\"@graph\":[{\"@type\":\"Article\",\"@id\":\"https:\\\/\\\/euprevent.eu\\\/fr\\\/euprevent-voice-in-article-on-noncommunicable-diseases\\\/#article\",\"isPartOf\":{\"@id\":\"https:\\\/\\\/euprevent.eu\\\/fr\\\/euprevent-voice-in-article-on-noncommunicable-diseases\\\/\"},\"author\":{\"name\":\"eyetractive\",\"@id\":\"https:\\\/\\\/euprevent.eu\\\/fr\\\/#\\\/schema\\\/person\\\/01e8c5f84586aceafa63db8f4dc6eadd\"},\"headline\":\"euPrevent&rsquo;s voice in WHO article on noncommunicable diseases\",\"datePublished\":\"2018-04-18T10:08:25+00:00\",\"dateModified\":\"2018-04-19T09:47:49+00:00\",\"mainEntityOfPage\":{\"@id\":\"https:\\\/\\\/euprevent.eu\\\/fr\\\/euprevent-voice-in-article-on-noncommunicable-diseases\\\/\"},\"wordCount\":119,\"image\":{\"@id\":\"https:\\\/\\\/euprevent.eu\\\/fr\\\/euprevent-voice-in-article-on-noncommunicable-diseases\\\/#primaryimage\"},\"thumbnailUrl\":\"https:\\\/\\\/euprevent.eu\\\/wp-content\\\/uploads\\\/2018\\\/04\\\/WHO-NCD.png\",\"articleSection\":[\"Non classifi\u00e9(e)\"],\"inLanguage\":\"fr-FR\"},{\"@type\":\"WebPage\",\"@id\":\"https:\\\/\\\/euprevent.eu\\\/fr\\\/euprevent-voice-in-article-on-noncommunicable-diseases\\\/\",\"url\":\"https:\\\/\\\/euprevent.eu\\\/fr\\\/euprevent-voice-in-article-on-noncommunicable-diseases\\\/\",\"name\":\"euPrevent's voice in WHO article on noncommunicable diseases - euPrevent\",\"isPartOf\":{\"@id\":\"https:\\\/\\\/euprevent.eu\\\/fr\\\/#website\"},\"primaryImageOfPage\":{\"@id\":\"https:\\\/\\\/euprevent.eu\\\/fr\\\/euprevent-voice-in-article-on-noncommunicable-diseases\\\/#primaryimage\"},\"image\":{\"@id\":\"https:\\\/\\\/euprevent.eu\\\/fr\\\/euprevent-voice-in-article-on-noncommunicable-diseases\\\/#primaryimage\"},\"thumbnailUrl\":\"https:\\\/\\\/euprevent.eu\\\/wp-content\\\/uploads\\\/2018\\\/04\\\/WHO-NCD.png\",\"datePublished\":\"2018-04-18T10:08:25+00:00\",\"dateModified\":\"2018-04-19T09:47:49+00:00\",\"author\":{\"@id\":\"https:\\\/\\\/euprevent.eu\\\/fr\\\/#\\\/schema\\\/person\\\/01e8c5f84586aceafa63db8f4dc6eadd\"},\"breadcrumb\":{\"@id\":\"https:\\\/\\\/euprevent.eu\\\/fr\\\/euprevent-voice-in-article-on-noncommunicable-diseases\\\/#breadcrumb\"},\"inLanguage\":\"fr-FR\",\"potentialAction\":[{\"@type\":\"ReadAction\",\"target\":[\"https:\\\/\\\/euprevent.eu\\\/fr\\\/euprevent-voice-in-article-on-noncommunicable-diseases\\\/\"]}]},{\"@type\":\"ImageObject\",\"inLanguage\":\"fr-FR\",\"@id\":\"https:\\\/\\\/euprevent.eu\\\/fr\\\/euprevent-voice-in-article-on-noncommunicable-diseases\\\/#primaryimage\",\"url\":\"https:\\\/\\\/euprevent.eu\\\/wp-content\\\/uploads\\\/2018\\\/04\\\/WHO-NCD.png\",\"contentUrl\":\"https:\\\/\\\/euprevent.eu\\\/wp-content\\\/uploads\\\/2018\\\/04\\\/WHO-NCD.png\",\"width\":360,\"height\":640},{\"@type\":\"BreadcrumbList\",\"@id\":\"https:\\\/\\\/euprevent.eu\\\/fr\\\/euprevent-voice-in-article-on-noncommunicable-diseases\\\/#breadcrumb\",\"itemListElement\":[{\"@type\":\"ListItem\",\"position\":1,\"name\":\"Home\",\"item\":\"https:\\\/\\\/euprevent.eu\\\/fr\\\/\"},{\"@type\":\"ListItem\",\"position\":2,\"name\":\"euPrevent&rsquo;s voice in WHO article on noncommunicable diseases\"}]},{\"@type\":\"WebSite\",\"@id\":\"https:\\\/\\\/euprevent.eu\\\/fr\\\/#website\",\"url\":\"https:\\\/\\\/euprevent.eu\\\/fr\\\/\",\"name\":\"euPrevent\",\"description\":\"euPrevent is a Euroregional network that focuses on promoting health. Within this network, sustainable partnerships seek to increase the quality of life of residents in the border region between the Netherlands, Belgium and Germany.\",\"potentialAction\":[{\"@type\":\"SearchAction\",\"target\":{\"@type\":\"EntryPoint\",\"urlTemplate\":\"https:\\\/\\\/euprevent.eu\\\/fr\\\/?s={search_term_string}\"},\"query-input\":{\"@type\":\"PropertyValueSpecification\",\"valueRequired\":true,\"valueName\":\"search_term_string\"}}],\"inLanguage\":\"fr-FR\"},{\"@type\":\"Person\",\"@id\":\"https:\\\/\\\/euprevent.eu\\\/fr\\\/#\\\/schema\\\/person\\\/01e8c5f84586aceafa63db8f4dc6eadd\",\"name\":\"eyetractive\"}]}<\/script>\n<!-- \/ Yoast SEO plugin. -->","yoast_head_json":{"title":"euPrevent's voice in WHO article on noncommunicable diseases - euPrevent","robots":{"index":"index","follow":"follow","max-snippet":"max-snippet:-1","max-image-preview":"max-image-preview:large","max-video-preview":"max-video-preview:-1"},"canonical":"https:\/\/euprevent.eu\/fr\/euprevent-voice-in-article-on-noncommunicable-diseases\/","og_locale":"fr_FR","og_type":"article","og_title":"euPrevent's voice in WHO article on noncommunicable diseases - euPrevent","og_description":"[vc_row][vc_column][vc_column_text el_class=\u00a0\u00bbalert alert-info\u00a0\u00bb]Cette information est seulement disponible en anglais.[\/vc_column_text][\/vc_column][\/vc_row][vc_row][vc_column width=\u00a0\u00bb1\/2&Prime;][vc_column_text]During World Health Organization&rsquo;s (WHO) High-level regional meeting in Sitges (16-18 April, 2018), the article &lsquo;Health Systems respons to noncommunicable diseases (NCDs): the opportunities and challenges for leapfrogging&rsquo; was presented. With Brigitte van der Zanden, director of the euPrevent | EMR foundation, as one of the [&hellip;]","og_url":"https:\/\/euprevent.eu\/fr\/euprevent-voice-in-article-on-noncommunicable-diseases\/","og_site_name":"euPrevent","article_published_time":"2018-04-18T10:08:25+00:00","article_modified_time":"2018-04-19T09:47:49+00:00","og_image":[{"width":360,"height":640,"url":"https:\/\/euprevent.eu\/wp-content\/uploads\/2018\/04\/WHO-NCD.png","type":"image\/png"}],"author":"eyetractive","twitter_card":"summary_large_image","twitter_misc":{"\u00c9crit par":"eyetractive","Dur\u00e9e de lecture estim\u00e9e":"1 minute"},"schema":{"@context":"https:\/\/schema.org","@graph":[{"@type":"Article","@id":"https:\/\/euprevent.eu\/fr\/euprevent-voice-in-article-on-noncommunicable-diseases\/#article","isPartOf":{"@id":"https:\/\/euprevent.eu\/fr\/euprevent-voice-in-article-on-noncommunicable-diseases\/"},"author":{"name":"eyetractive","@id":"https:\/\/euprevent.eu\/fr\/#\/schema\/person\/01e8c5f84586aceafa63db8f4dc6eadd"},"headline":"euPrevent&rsquo;s voice in WHO article on noncommunicable diseases","datePublished":"2018-04-18T10:08:25+00:00","dateModified":"2018-04-19T09:47:49+00:00","mainEntityOfPage":{"@id":"https:\/\/euprevent.eu\/fr\/euprevent-voice-in-article-on-noncommunicable-diseases\/"},"wordCount":119,"image":{"@id":"https:\/\/euprevent.eu\/fr\/euprevent-voice-in-article-on-noncommunicable-diseases\/#primaryimage"},"thumbnailUrl":"https:\/\/euprevent.eu\/wp-content\/uploads\/2018\/04\/WHO-NCD.png","articleSection":["Non classifi\u00e9(e)"],"inLanguage":"fr-FR"},{"@type":"WebPage","@id":"https:\/\/euprevent.eu\/fr\/euprevent-voice-in-article-on-noncommunicable-diseases\/","url":"https:\/\/euprevent.eu\/fr\/euprevent-voice-in-article-on-noncommunicable-diseases\/","name":"euPrevent's voice in WHO article on noncommunicable diseases - euPrevent","isPartOf":{"@id":"https:\/\/euprevent.eu\/fr\/#website"},"primaryImageOfPage":{"@id":"https:\/\/euprevent.eu\/fr\/euprevent-voice-in-article-on-noncommunicable-diseases\/#primaryimage"},"image":{"@id":"https:\/\/euprevent.eu\/fr\/euprevent-voice-in-article-on-noncommunicable-diseases\/#primaryimage"},"thumbnailUrl":"https:\/\/euprevent.eu\/wp-content\/uploads\/2018\/04\/WHO-NCD.png","datePublished":"2018-04-18T10:08:25+00:00","dateModified":"2018-04-19T09:47:49+00:00","author":{"@id":"https:\/\/euprevent.eu\/fr\/#\/schema\/person\/01e8c5f84586aceafa63db8f4dc6eadd"},"breadcrumb":{"@id":"https:\/\/euprevent.eu\/fr\/euprevent-voice-in-article-on-noncommunicable-diseases\/#breadcrumb"},"inLanguage":"fr-FR","potentialAction":[{"@type":"ReadAction","target":["https:\/\/euprevent.eu\/fr\/euprevent-voice-in-article-on-noncommunicable-diseases\/"]}]},{"@type":"ImageObject","inLanguage":"fr-FR","@id":"https:\/\/euprevent.eu\/fr\/euprevent-voice-in-article-on-noncommunicable-diseases\/#primaryimage","url":"https:\/\/euprevent.eu\/wp-content\/uploads\/2018\/04\/WHO-NCD.png","contentUrl":"https:\/\/euprevent.eu\/wp-content\/uploads\/2018\/04\/WHO-NCD.png","width":360,"height":640},{"@type":"BreadcrumbList","@id":"https:\/\/euprevent.eu\/fr\/euprevent-voice-in-article-on-noncommunicable-diseases\/#breadcrumb","itemListElement":[{"@type":"ListItem","position":1,"name":"Home","item":"https:\/\/euprevent.eu\/fr\/"},{"@type":"ListItem","position":2,"name":"euPrevent&rsquo;s voice in WHO article on noncommunicable diseases"}]},{"@type":"WebSite","@id":"https:\/\/euprevent.eu\/fr\/#website","url":"https:\/\/euprevent.eu\/fr\/","name":"euPrevent","description":"euPrevent is a Euroregional network that focuses on promoting health. Within this network, sustainable partnerships seek to increase the quality of life of residents in the border region between the Netherlands, Belgium and Germany.","potentialAction":[{"@type":"SearchAction","target":{"@type":"EntryPoint","urlTemplate":"https:\/\/euprevent.eu\/fr\/?s={search_term_string}"},"query-input":{"@type":"PropertyValueSpecification","valueRequired":true,"valueName":"search_term_string"}}],"inLanguage":"fr-FR"},{"@type":"Person","@id":"https:\/\/euprevent.eu\/fr\/#\/schema\/person\/01e8c5f84586aceafa63db8f4dc6eadd","name":"eyetractive"}]}},"_links":{"self":[{"href":"https:\/\/euprevent.eu\/fr\/wp-json\/wp\/v2\/posts\/4238","targetHints":{"allow":["GET"]}}],"collection":[{"href":"https:\/\/euprevent.eu\/fr\/wp-json\/wp\/v2\/posts"}],"about":[{"href":"https:\/\/euprevent.eu\/fr\/wp-json\/wp\/v2\/types\/post"}],"author":[{"embeddable":true,"href":"https:\/\/euprevent.eu\/fr\/wp-json\/wp\/v2\/users\/1"}],"replies":[{"embeddable":true,"href":"https:\/\/euprevent.eu\/fr\/wp-json\/wp\/v2\/comments?post=4238"}],"version-history":[{"count":1,"href":"https:\/\/euprevent.eu\/fr\/wp-json\/wp\/v2\/posts\/4238\/revisions"}],"predecessor-version":[{"id":4239,"href":"https:\/\/euprevent.eu\/fr\/wp-json\/wp\/v2\/posts\/4238\/revisions\/4239"}],"wp:featuredmedia":[{"embeddable":true,"href":"https:\/\/euprevent.eu\/fr\/wp-json\/wp\/v2\/media\/4229"}],"wp:attachment":[{"href":"https:\/\/euprevent.eu\/fr\/wp-json\/wp\/v2\/media?parent=4238"}],"wp:term":[{"taxonomy":"category","embeddable":true,"href":"https:\/\/euprevent.eu\/fr\/wp-json\/wp\/v2\/categories?post=4238"},{"taxonomy":"post_tag","embeddable":true,"href":"https:\/\/euprevent.eu\/fr\/wp-json\/wp\/v2\/tags?post=4238"}],"curies":[{"name":"wp","href":"https:\/\/api.w.org\/{rel}","templated":true}]}}