


{"id":2995,"date":"2017-12-07T14:33:11","date_gmt":"2017-12-07T14:33:11","guid":{"rendered":"https:\/\/euprevent.eu\/samen-aan-boord-voor-het-activiteiten-congres\/"},"modified":"2017-12-13T12:10:36","modified_gmt":"2017-12-13T12:10:36","slug":"samen-aan-boord-voor-het-activiteiten-congres","status":"publish","type":"post","link":"https:\/\/euprevent.eu\/fr\/samen-aan-boord-voor-het-activiteiten-congres\/","title":{"rendered":"Tous ensemble \u00e0 bord pour le Congr\u00e8s d&rsquo;Activit\u00e9s"},"content":{"rendered":"<section class=\"wpb-content-wrapper\"><p>[vc_row][vc_column][vc_column_text]Le projet eur\u00e9gional \u00ab\u00a0<a href=\"https:\/\/euprevent.eu\/fr\/senior-friendly-communities\/\">Communes Amies des Seniors\u00a0<\/a>\u00bb (SFC-Senior Friendly Communities) a organis\u00e9 jeudi 23 novembre 2017 le \u00ab\u00a0<a href=\"https:\/\/euprevent.eu\/fr\/event\/activiteiten-congres-euprevent-sfc\/\">Congr\u00e8s d\u2019activit\u00e9s euPrevent SFC\u00a0<\/a>\u00bb \u00e0 Maastricht (NL). Une partie importante de cette journ\u00e9e \u00e9tait consacr\u00e9e au <strong>buffet d&rsquo;activit\u00e9s<\/strong>.<\/p>\n<h2>Le buffet d&rsquo;activit\u00e9s<\/h2>\n<p>Ce buffet comprend 15 activit\u00e9s de pr\u00e9vention (d\u00e9j\u00e0 existantes) dans l&rsquo;Euregio Meuse-Rhin (EMR). Les activit\u00e9s se concentrent sur la sant\u00e9 mentales des a\u00een\u00e9s, avec une attention particuli\u00e8re \u00e0 la d\u00e9mence et \u00e0 la d\u00e9pression li\u00e9e \u00e0 l\u2019\u00e2ge. L&rsquo;objectif du projet est d&rsquo;\u00e9changer ces activit\u00e9s \u00e0 travers les fronti\u00e8res des 3 pays et 5 r\u00e9gions de l&rsquo;Euregio Meuse-Rhin. Les communes participantes peuvent s\u00e9lectionner et mettre en \u0153uvre un certain nombre d&rsquo;activit\u00e9s de ce buffet dans leur propre commune.<\/p>\n<h2>Tout est une question de vieillissement actif<\/h2>\n<p>Le congr\u00e8s se concentrait sur le buffet d&rsquo;activit\u00e9s, mais permettait \u00e9galement le partage des connaissances et les mises en r\u00e9seaux informels au niveau transfrontalier. Les th\u00e8mes abord\u00e9s lors des expos\u00e9s ont permis d\u2019approfondir les connaissances en mati\u00e8re de d\u00e9mence et de d\u00e9pression li\u00e9e \u00e0 l\u2019\u00e2ge. C&rsquo;\u00e9tait un programme interactif. La journ\u00e9e a \u00e9t\u00e9 captur\u00e9e de mani\u00e8re cr\u00e9ative par un dessinateur.[\/vc_column_text][vc_single_image image=\u00a0\u00bb3119&Prime; img_size=\u00a0\u00bbfull\u00a0\u00bb][\/vc_column][\/vc_row][vc_row][vc_column][vc_column_text]<\/p>\n<h2>Programme du matin dans un b\u00e2timent historique en bord de Meuse<\/h2>\n<p>La D\u00e9put\u00e9e Provinciale Marleen van Rijnsbergen (Province de Limbourg, NL) et Jack Gerats, \u00e9chevin de Maastricht, ont ouvert la journ\u00e9e du congr\u00e8s dans la salle \u00ab\u00a0Rebelle\u00a0\u00bb. Durant la s\u00e9ance pl\u00e9ni\u00e8re, le Dr. Machteld Huber a parl\u00e9 de la \u00ab\u00a0sant\u00e9 positive \u00bb : un concept nouveau et dynamique de la sant\u00e9. Elle a expliqu\u00e9 comment son concept traite davantage de la force du citoyen lui-m\u00eame. Prof. dr. Dr. Liane Schirra-Weirich s&rsquo;est pench\u00e9e sur le th\u00e8me \u00abvieillir dans la commune\u00bb. Elle a pour cela utilis\u00e9 le tandem en guise de m\u00e9taphore. En ce qui concerne les possibilit\u00e9s de participation pour les personnes atteintes de d\u00e9mence et leurs aidants proches. Le Prof. dr. Frans Verhey, repr\u00e9sentant le chef de file du projet (Universit\u00e9 de Maastricht) a donn\u00e9 une pr\u00e9sentation g\u00e9n\u00e9rale de l\u2019\u00e9tat d\u2019avancement du projet. La matin\u00e9e s\u2019est cl\u00f4tur\u00e9e par une pr\u00e9sentation r\u00e9sum\u00e9e des 15 activit\u00e9s du buffet d&rsquo;activit\u00e9s, par Mr Raymond Stijns du GGD Zuid Limburg<\/p>\n<h2>\u00c0 bord du bateau (le Scheldevallei de la compagnie Rederij Stiphout)<\/h2>\n<p>Apr\u00e8s le repas de midi, les participants sont mont\u00e9s \u00e0 bord du bateau \u00ab\u00a0Scheldevallei\u00a0\u00bb qui a navigu\u00e9 vers la fronti\u00e8re belge. Pendant cette croisi\u00e8re sur la Meuse, les participants ont eu amplement le temps de se documenter sur le buffet d&rsquo;activit\u00e9s lors du march\u00e9 d\u2019informations. Les personnes tenant les stands ont donn\u00e9 des r\u00e9ponses d\u00e9taill\u00e9es aux communes participantes et aux autres invit\u00e9s au sujet des 15 activit\u00e9s diff\u00e9rentes. Un espace de mise en r\u00e9seau \u00e9tait en place sur le pont sup\u00e9rieur o\u00f9 les participants pouvaient faire plus ample connaissance entre eux et \u00e9changer sur leurs pratiques.<\/p>\n<h2>Un succ\u00e8s\u00a0!<\/h2>\n<p>La participation aux congr\u00e8s a \u00e9t\u00e9 un succ\u00e8s. Les communes participantes \u00e9taient pr\u00e9sentes mais \u00e9galement un grand nombre d&rsquo;autres acteurs de l\u2019EMR ont manifest\u00e9 leur int\u00e9r\u00eat pour ce projet. Un total de 160 visiteurs. Les r\u00e9actions des participants \u00e9taient enthousiastes:<br \/>\n<em>*** J\u2019ai trouv\u00e9 que c&rsquo;\u00e9tait une journ\u00e9e inspirante. Bien organis\u00e9e et dans des endroits surprenants.<br \/>\n<\/em><em>*** Nous avons pass\u00e9 une bonne journ\u00e9e. En nous informant sur les activit\u00e9s pr\u00e9sent\u00e9es sur le bateau, nous avons d\u00e9j\u00e0 pu voir le contenu des activit\u00e9s et nos pr\u00e9f\u00e9rences. Et chouette cette touche internationale.<br \/>\n<\/em>*** <em>Ma premi\u00e8re semaine de travail \u00e0 la commune de Kerkrade et directement l\u2019opportunit\u00e9 de participer au Congr\u00e8s d\u2019activit\u00e9s euPrevent \u00ab\u00a0Communes Amies des Seniors\u00a0\u00bb. Je suis tr\u00e8s enthousiaste \u00e0 propos de ce projet et les personnes avec qui j&rsquo;ai d\u00e9j\u00e0 eu l&rsquo;occasion de faire connaissance.<\/em><\/p>\n<p><a href=\"https:\/\/euprevent.eu\/fr\/event\/activiteiten-congres-euprevent-sfc\/\">Voir ici les pr\u00e9sentations et les photos du congr\u00e8s<\/a>.<\/p>\n<h2>Vivez sainement, profitez de la vie et restez impliqu\u00e9<\/h2>\n<p>La plus grande partie de l\u2019ann\u00e9e 2017 a \u00e9t\u00e9 domin\u00e9e par l\u2019analyse. Au sein de chaque commune, une \u00e9valuation a permis de mesurer comment elles soutiennent actuellement leurs a\u00een\u00e9s atteints de (d\u00e9but de) d\u00e9mence ou de d\u00e9pression li\u00e9e \u00e0 l\u2019\u00e2ge et leurs aidants proches. Maintenant que le buffet d&rsquo;activit\u00e9s a \u00e9t\u00e9 pr\u00e9sent\u00e9, les communes participantes peuvent s\u00e9lectionner un ensemble d&rsquo;activit\u00e9s personnalis\u00e9es et les mettre en \u0153uvre dans leur propre commune lors de la phase suivante du projet.<\/p>\n<p><em>\u00abNous, l&rsquo;\u00e9quipe du projet euPrevent SFC, sommes pr\u00eats \u00e0 soutenir les communes, afin que les seniors de l&rsquo;Euregio Meuse-Rhin continuent \u00e0 participer avec plaisir \u00e0 la vie quotidienne\u00bb, <\/em>d\u00e9clare Frans Verhey, chef de file du projet.<\/p>\n<p>&nbsp;<\/p>\n<p>Le projet \u00ab Senior Friendly Communities \u00bb est r\u00e9alis\u00e9 dans le cadre du programme <a href=\"https:\/\/www.interregemr.eu\/home-fr\" target=\"_blank\" rel=\"noopener\">Interreg V-A<\/a> Euregio Meuse-Rhin et est soutenu par l\u2019Union Europ\u00e9enne et le Fond europ\u00e9en de d\u00e9veloppement r\u00e9gional \u00e0 hauteur de 983.167,50 euros. Le projet re\u00e7oit \u00e9galement un cofinancement et les partenaires du projet paient leur propre contribution.[\/vc_column_text][\/vc_column][\/vc_row][vc_row][vc_column][vc_single_image image=\u00a0\u00bb1623&Prime; img_size=\u00a0\u00bbfull\u00a0\u00bb][\/vc_column][\/vc_row]<\/p>\n<\/section>","protected":false},"excerpt":{"rendered":"<p>[vc_row][vc_column][vc_column_text]Le projet eur\u00e9gional \u00ab\u00a0Communes Amies des Seniors\u00a0\u00bb (SFC-Senior Friendly Communities) a organis\u00e9 jeudi 23 novembre 2017 le \u00ab\u00a0Congr\u00e8s d\u2019activit\u00e9s euPrevent SFC\u00a0\u00bb \u00e0 Maastricht (NL). Une partie importante de cette journ\u00e9e \u00e9tait consacr\u00e9e au buffet d&rsquo;activit\u00e9s. Le buffet d&rsquo;activit\u00e9s Ce buffet comprend 15 activit\u00e9s de pr\u00e9vention (d\u00e9j\u00e0 existantes) dans l&rsquo;Euregio Meuse-Rhin (EMR). Les activit\u00e9s se concentrent [&hellip;]<\/p>\n","protected":false},"author":1,"featured_media":43,"comment_status":"closed","ping_status":"closed","sticky":false,"template":"","format":"standard","meta":{"_acf_changed":false,"footnotes":""},"categories":[24],"tags":[],"class_list":["post-2995","post","type-post","status-publish","format-standard","has-post-thumbnail","hentry","category-non-classifiee","programmes-mental-health","projects-project-sfc"],"acf":[],"yoast_head":"<!-- This site is optimized with the Yoast SEO plugin v27.5 - https:\/\/yoast.com\/product\/yoast-seo-wordpress\/ -->\n<title>Tous ensemble \u00e0 bord pour le Congr\u00e8s d&#039;Activit\u00e9s - euPrevent<\/title>\n<meta name=\"robots\" content=\"index, follow, max-snippet:-1, max-image-preview:large, max-video-preview:-1\" \/>\n<link rel=\"canonical\" href=\"https:\/\/euprevent.eu\/fr\/samen-aan-boord-voor-het-activiteiten-congres\/\" \/>\n<meta property=\"og:locale\" content=\"fr_FR\" \/>\n<meta property=\"og:type\" content=\"article\" \/>\n<meta property=\"og:title\" content=\"Tous ensemble \u00e0 bord pour le Congr\u00e8s d&#039;Activit\u00e9s - euPrevent\" \/>\n<meta property=\"og:description\" content=\"[vc_row][vc_column][vc_column_text]Le projet eur\u00e9gional \u00ab\u00a0Communes Amies des Seniors\u00a0\u00bb (SFC-Senior Friendly Communities) a organis\u00e9 jeudi 23 novembre 2017 le \u00ab\u00a0Congr\u00e8s d\u2019activit\u00e9s euPrevent SFC\u00a0\u00bb \u00e0 Maastricht (NL). Une partie importante de cette journ\u00e9e \u00e9tait consacr\u00e9e au buffet d&rsquo;activit\u00e9s. Le buffet d&rsquo;activit\u00e9s Ce buffet comprend 15 activit\u00e9s de pr\u00e9vention (d\u00e9j\u00e0 existantes) dans l&rsquo;Euregio Meuse-Rhin (EMR). Les activit\u00e9s se concentrent [&hellip;]\" \/>\n<meta property=\"og:url\" content=\"https:\/\/euprevent.eu\/fr\/samen-aan-boord-voor-het-activiteiten-congres\/\" \/>\n<meta property=\"og:site_name\" content=\"euPrevent\" \/>\n<meta property=\"article:published_time\" content=\"2017-12-07T14:33:11+00:00\" \/>\n<meta property=\"article:modified_time\" content=\"2017-12-13T12:10:36+00:00\" \/>\n<meta property=\"og:image\" content=\"https:\/\/euprevent.eu\/wp-content\/uploads\/2016\/12\/sfc-event.jpg\" \/>\n\t<meta property=\"og:image:width\" content=\"315\" \/>\n\t<meta property=\"og:image:height\" content=\"318\" \/>\n\t<meta property=\"og:image:type\" content=\"image\/jpeg\" \/>\n<meta name=\"author\" content=\"eyetractive\" \/>\n<meta name=\"twitter:card\" content=\"summary_large_image\" \/>\n<meta name=\"twitter:label1\" content=\"\u00c9crit par\" \/>\n\t<meta name=\"twitter:data1\" content=\"eyetractive\" \/>\n\t<meta name=\"twitter:label2\" content=\"Dur\u00e9e de lecture estim\u00e9e\" \/>\n\t<meta name=\"twitter:data2\" content=\"5 minutes\" \/>\n<script type=\"application\/ld+json\" class=\"yoast-schema-graph\">{\"@context\":\"https:\\\/\\\/schema.org\",\"@graph\":[{\"@type\":\"Article\",\"@id\":\"https:\\\/\\\/euprevent.eu\\\/fr\\\/samen-aan-boord-voor-het-activiteiten-congres\\\/#article\",\"isPartOf\":{\"@id\":\"https:\\\/\\\/euprevent.eu\\\/fr\\\/samen-aan-boord-voor-het-activiteiten-congres\\\/\"},\"author\":{\"name\":\"eyetractive\",\"@id\":\"https:\\\/\\\/euprevent.eu\\\/fr\\\/#\\\/schema\\\/person\\\/01e8c5f84586aceafa63db8f4dc6eadd\"},\"headline\":\"Tous ensemble \u00e0 bord pour le Congr\u00e8s d&rsquo;Activit\u00e9s\",\"datePublished\":\"2017-12-07T14:33:11+00:00\",\"dateModified\":\"2017-12-13T12:10:36+00:00\",\"mainEntityOfPage\":{\"@id\":\"https:\\\/\\\/euprevent.eu\\\/fr\\\/samen-aan-boord-voor-het-activiteiten-congres\\\/\"},\"wordCount\":940,\"image\":{\"@id\":\"https:\\\/\\\/euprevent.eu\\\/fr\\\/samen-aan-boord-voor-het-activiteiten-congres\\\/#primaryimage\"},\"thumbnailUrl\":\"https:\\\/\\\/euprevent.eu\\\/wp-content\\\/uploads\\\/2016\\\/12\\\/sfc-event.jpg\",\"articleSection\":[\"Non classifi\u00e9(e)\"],\"inLanguage\":\"fr-FR\"},{\"@type\":\"WebPage\",\"@id\":\"https:\\\/\\\/euprevent.eu\\\/fr\\\/samen-aan-boord-voor-het-activiteiten-congres\\\/\",\"url\":\"https:\\\/\\\/euprevent.eu\\\/fr\\\/samen-aan-boord-voor-het-activiteiten-congres\\\/\",\"name\":\"Tous ensemble \u00e0 bord pour le Congr\u00e8s d'Activit\u00e9s - euPrevent\",\"isPartOf\":{\"@id\":\"https:\\\/\\\/euprevent.eu\\\/fr\\\/#website\"},\"primaryImageOfPage\":{\"@id\":\"https:\\\/\\\/euprevent.eu\\\/fr\\\/samen-aan-boord-voor-het-activiteiten-congres\\\/#primaryimage\"},\"image\":{\"@id\":\"https:\\\/\\\/euprevent.eu\\\/fr\\\/samen-aan-boord-voor-het-activiteiten-congres\\\/#primaryimage\"},\"thumbnailUrl\":\"https:\\\/\\\/euprevent.eu\\\/wp-content\\\/uploads\\\/2016\\\/12\\\/sfc-event.jpg\",\"datePublished\":\"2017-12-07T14:33:11+00:00\",\"dateModified\":\"2017-12-13T12:10:36+00:00\",\"author\":{\"@id\":\"https:\\\/\\\/euprevent.eu\\\/fr\\\/#\\\/schema\\\/person\\\/01e8c5f84586aceafa63db8f4dc6eadd\"},\"breadcrumb\":{\"@id\":\"https:\\\/\\\/euprevent.eu\\\/fr\\\/samen-aan-boord-voor-het-activiteiten-congres\\\/#breadcrumb\"},\"inLanguage\":\"fr-FR\",\"potentialAction\":[{\"@type\":\"ReadAction\",\"target\":[\"https:\\\/\\\/euprevent.eu\\\/fr\\\/samen-aan-boord-voor-het-activiteiten-congres\\\/\"]}]},{\"@type\":\"ImageObject\",\"inLanguage\":\"fr-FR\",\"@id\":\"https:\\\/\\\/euprevent.eu\\\/fr\\\/samen-aan-boord-voor-het-activiteiten-congres\\\/#primaryimage\",\"url\":\"https:\\\/\\\/euprevent.eu\\\/wp-content\\\/uploads\\\/2016\\\/12\\\/sfc-event.jpg\",\"contentUrl\":\"https:\\\/\\\/euprevent.eu\\\/wp-content\\\/uploads\\\/2016\\\/12\\\/sfc-event.jpg\",\"width\":315,\"height\":318},{\"@type\":\"BreadcrumbList\",\"@id\":\"https:\\\/\\\/euprevent.eu\\\/fr\\\/samen-aan-boord-voor-het-activiteiten-congres\\\/#breadcrumb\",\"itemListElement\":[{\"@type\":\"ListItem\",\"position\":1,\"name\":\"Home\",\"item\":\"https:\\\/\\\/euprevent.eu\\\/fr\\\/\"},{\"@type\":\"ListItem\",\"position\":2,\"name\":\"Tous ensemble \u00e0 bord pour le Congr\u00e8s d&#8217;Activit\u00e9s\"}]},{\"@type\":\"WebSite\",\"@id\":\"https:\\\/\\\/euprevent.eu\\\/fr\\\/#website\",\"url\":\"https:\\\/\\\/euprevent.eu\\\/fr\\\/\",\"name\":\"euPrevent\",\"description\":\"euPrevent is a Euroregional network that focuses on promoting health. Within this network, sustainable partnerships seek to increase the quality of life of residents in the border region between the Netherlands, Belgium and Germany.\",\"potentialAction\":[{\"@type\":\"SearchAction\",\"target\":{\"@type\":\"EntryPoint\",\"urlTemplate\":\"https:\\\/\\\/euprevent.eu\\\/fr\\\/?s={search_term_string}\"},\"query-input\":{\"@type\":\"PropertyValueSpecification\",\"valueRequired\":true,\"valueName\":\"search_term_string\"}}],\"inLanguage\":\"fr-FR\"},{\"@type\":\"Person\",\"@id\":\"https:\\\/\\\/euprevent.eu\\\/fr\\\/#\\\/schema\\\/person\\\/01e8c5f84586aceafa63db8f4dc6eadd\",\"name\":\"eyetractive\"}]}<\/script>\n<!-- \/ Yoast SEO plugin. -->","yoast_head_json":{"title":"Tous ensemble \u00e0 bord pour le Congr\u00e8s d'Activit\u00e9s - euPrevent","robots":{"index":"index","follow":"follow","max-snippet":"max-snippet:-1","max-image-preview":"max-image-preview:large","max-video-preview":"max-video-preview:-1"},"canonical":"https:\/\/euprevent.eu\/fr\/samen-aan-boord-voor-het-activiteiten-congres\/","og_locale":"fr_FR","og_type":"article","og_title":"Tous ensemble \u00e0 bord pour le Congr\u00e8s d'Activit\u00e9s - euPrevent","og_description":"[vc_row][vc_column][vc_column_text]Le projet eur\u00e9gional \u00ab\u00a0Communes Amies des Seniors\u00a0\u00bb (SFC-Senior Friendly Communities) a organis\u00e9 jeudi 23 novembre 2017 le \u00ab\u00a0Congr\u00e8s d\u2019activit\u00e9s euPrevent SFC\u00a0\u00bb \u00e0 Maastricht (NL). Une partie importante de cette journ\u00e9e \u00e9tait consacr\u00e9e au buffet d&rsquo;activit\u00e9s. Le buffet d&rsquo;activit\u00e9s Ce buffet comprend 15 activit\u00e9s de pr\u00e9vention (d\u00e9j\u00e0 existantes) dans l&rsquo;Euregio Meuse-Rhin (EMR). Les activit\u00e9s se concentrent [&hellip;]","og_url":"https:\/\/euprevent.eu\/fr\/samen-aan-boord-voor-het-activiteiten-congres\/","og_site_name":"euPrevent","article_published_time":"2017-12-07T14:33:11+00:00","article_modified_time":"2017-12-13T12:10:36+00:00","og_image":[{"width":315,"height":318,"url":"https:\/\/euprevent.eu\/wp-content\/uploads\/2016\/12\/sfc-event.jpg","type":"image\/jpeg"}],"author":"eyetractive","twitter_card":"summary_large_image","twitter_misc":{"\u00c9crit par":"eyetractive","Dur\u00e9e de lecture estim\u00e9e":"5 minutes"},"schema":{"@context":"https:\/\/schema.org","@graph":[{"@type":"Article","@id":"https:\/\/euprevent.eu\/fr\/samen-aan-boord-voor-het-activiteiten-congres\/#article","isPartOf":{"@id":"https:\/\/euprevent.eu\/fr\/samen-aan-boord-voor-het-activiteiten-congres\/"},"author":{"name":"eyetractive","@id":"https:\/\/euprevent.eu\/fr\/#\/schema\/person\/01e8c5f84586aceafa63db8f4dc6eadd"},"headline":"Tous ensemble \u00e0 bord pour le Congr\u00e8s d&rsquo;Activit\u00e9s","datePublished":"2017-12-07T14:33:11+00:00","dateModified":"2017-12-13T12:10:36+00:00","mainEntityOfPage":{"@id":"https:\/\/euprevent.eu\/fr\/samen-aan-boord-voor-het-activiteiten-congres\/"},"wordCount":940,"image":{"@id":"https:\/\/euprevent.eu\/fr\/samen-aan-boord-voor-het-activiteiten-congres\/#primaryimage"},"thumbnailUrl":"https:\/\/euprevent.eu\/wp-content\/uploads\/2016\/12\/sfc-event.jpg","articleSection":["Non classifi\u00e9(e)"],"inLanguage":"fr-FR"},{"@type":"WebPage","@id":"https:\/\/euprevent.eu\/fr\/samen-aan-boord-voor-het-activiteiten-congres\/","url":"https:\/\/euprevent.eu\/fr\/samen-aan-boord-voor-het-activiteiten-congres\/","name":"Tous ensemble \u00e0 bord pour le Congr\u00e8s d'Activit\u00e9s - euPrevent","isPartOf":{"@id":"https:\/\/euprevent.eu\/fr\/#website"},"primaryImageOfPage":{"@id":"https:\/\/euprevent.eu\/fr\/samen-aan-boord-voor-het-activiteiten-congres\/#primaryimage"},"image":{"@id":"https:\/\/euprevent.eu\/fr\/samen-aan-boord-voor-het-activiteiten-congres\/#primaryimage"},"thumbnailUrl":"https:\/\/euprevent.eu\/wp-content\/uploads\/2016\/12\/sfc-event.jpg","datePublished":"2017-12-07T14:33:11+00:00","dateModified":"2017-12-13T12:10:36+00:00","author":{"@id":"https:\/\/euprevent.eu\/fr\/#\/schema\/person\/01e8c5f84586aceafa63db8f4dc6eadd"},"breadcrumb":{"@id":"https:\/\/euprevent.eu\/fr\/samen-aan-boord-voor-het-activiteiten-congres\/#breadcrumb"},"inLanguage":"fr-FR","potentialAction":[{"@type":"ReadAction","target":["https:\/\/euprevent.eu\/fr\/samen-aan-boord-voor-het-activiteiten-congres\/"]}]},{"@type":"ImageObject","inLanguage":"fr-FR","@id":"https:\/\/euprevent.eu\/fr\/samen-aan-boord-voor-het-activiteiten-congres\/#primaryimage","url":"https:\/\/euprevent.eu\/wp-content\/uploads\/2016\/12\/sfc-event.jpg","contentUrl":"https:\/\/euprevent.eu\/wp-content\/uploads\/2016\/12\/sfc-event.jpg","width":315,"height":318},{"@type":"BreadcrumbList","@id":"https:\/\/euprevent.eu\/fr\/samen-aan-boord-voor-het-activiteiten-congres\/#breadcrumb","itemListElement":[{"@type":"ListItem","position":1,"name":"Home","item":"https:\/\/euprevent.eu\/fr\/"},{"@type":"ListItem","position":2,"name":"Tous ensemble \u00e0 bord pour le Congr\u00e8s d&#8217;Activit\u00e9s"}]},{"@type":"WebSite","@id":"https:\/\/euprevent.eu\/fr\/#website","url":"https:\/\/euprevent.eu\/fr\/","name":"euPrevent","description":"euPrevent is a Euroregional network that focuses on promoting health. Within this network, sustainable partnerships seek to increase the quality of life of residents in the border region between the Netherlands, Belgium and Germany.","potentialAction":[{"@type":"SearchAction","target":{"@type":"EntryPoint","urlTemplate":"https:\/\/euprevent.eu\/fr\/?s={search_term_string}"},"query-input":{"@type":"PropertyValueSpecification","valueRequired":true,"valueName":"search_term_string"}}],"inLanguage":"fr-FR"},{"@type":"Person","@id":"https:\/\/euprevent.eu\/fr\/#\/schema\/person\/01e8c5f84586aceafa63db8f4dc6eadd","name":"eyetractive"}]}},"_links":{"self":[{"href":"https:\/\/euprevent.eu\/fr\/wp-json\/wp\/v2\/posts\/2995","targetHints":{"allow":["GET"]}}],"collection":[{"href":"https:\/\/euprevent.eu\/fr\/wp-json\/wp\/v2\/posts"}],"about":[{"href":"https:\/\/euprevent.eu\/fr\/wp-json\/wp\/v2\/types\/post"}],"author":[{"embeddable":true,"href":"https:\/\/euprevent.eu\/fr\/wp-json\/wp\/v2\/users\/1"}],"replies":[{"embeddable":true,"href":"https:\/\/euprevent.eu\/fr\/wp-json\/wp\/v2\/comments?post=2995"}],"version-history":[{"count":9,"href":"https:\/\/euprevent.eu\/fr\/wp-json\/wp\/v2\/posts\/2995\/revisions"}],"predecessor-version":[{"id":3133,"href":"https:\/\/euprevent.eu\/fr\/wp-json\/wp\/v2\/posts\/2995\/revisions\/3133"}],"wp:featuredmedia":[{"embeddable":true,"href":"https:\/\/euprevent.eu\/fr\/wp-json\/wp\/v2\/media\/43"}],"wp:attachment":[{"href":"https:\/\/euprevent.eu\/fr\/wp-json\/wp\/v2\/media?parent=2995"}],"wp:term":[{"taxonomy":"category","embeddable":true,"href":"https:\/\/euprevent.eu\/fr\/wp-json\/wp\/v2\/categories?post=2995"},{"taxonomy":"post_tag","embeddable":true,"href":"https:\/\/euprevent.eu\/fr\/wp-json\/wp\/v2\/tags?post=2995"}],"curies":[{"name":"wp","href":"https:\/\/api.w.org\/{rel}","templated":true}]}}