


{"id":22352,"date":"2024-03-06T10:59:13","date_gmt":"2024-03-06T09:59:13","guid":{"rendered":"https:\/\/euprevent.eu\/starlight-lights-up-the-stage-and-hearts-in-the-battle-against-loneliness\/"},"modified":"2024-03-06T11:05:18","modified_gmt":"2024-03-06T10:05:18","slug":"starlight-lights-up-the-stage-and-hearts-in-the-battle-against-loneliness","status":"publish","type":"post","link":"https:\/\/euprevent.eu\/fr\/starlight-lights-up-the-stage-and-hearts-in-the-battle-against-loneliness\/","title":{"rendered":"\u00ab\u00a0Sterrelichht\u00a0\u00bb ( Lumi\u00e8re des \u00e9toiles ) illumine la sc\u00e8ne et les c\u0153urs dans la lutte contre la solitude"},"content":{"rendered":"<p>D\u00e9termin\u00e9e \u00e0 mettre en lumi\u00e8re les d\u00e9fis de la solitude, la pi\u00e8ce de th\u00e9\u00e2tre \u00ab\u00a0Sterrelicht\u00a0\u00bb a d\u00e9montr\u00e9 son succ\u00e8s \u00e0 long terme dimanche dernier \u00e0 Nuth ( aux Pays-Bas ) en attirant un public de 300 personnes. Dans le cadre du projet euPrevent PROFILE, la pi\u00e8ce visait \u00e0 sensibiliser \u00e0 la solitude et \u00e0 encourager l&rsquo;engagement communautaire.<\/p>\n<p>Cr\u00e9\u00e9e par le metteur en sc\u00e8ne flamand Luc Stevens, \u00ab\u00a0Sterrelicht\u00a0\u00bb est une histoire puissante qui touche profond\u00e9ment le public sur le plan \u00e9motionnel. Le th\u00e9\u00e2tre continue d&rsquo;\u00eatre un outil essentiel dans la campagne de sensibilisation \u00e0 la solitude men\u00e9e dans l&rsquo;Euregio. Le projet PROFILE, financ\u00e9 par le programme Interreg V-A Euregion Meuse-Rhin, a officiellement pris fin en 2023, mais la discussion sur la solitude se poursuit gr\u00e2ce \u00e0 la tourn\u00e9e de \u00ab\u00a0Sterrelicht\u00a0\u00bb.<\/p>\n<p>L&rsquo;affluence montre l&rsquo;enthousiasme de la communaut\u00e9 pour le d\u00e9bat sur la solitude et l&rsquo;importance des efforts collectifs pour r\u00e9pondre \u00e0 cette pr\u00e9occupation soci\u00e9tale. Le succ\u00e8s de \u00ab\u00a0Sterrelicht\u00a0\u00bb met en \u00e9vidence la valeur de l&rsquo;expression artistique pour aborder et att\u00e9nuer les probl\u00e8mes sociaux, ouvrant la voie \u00e0 des discussions et des initiatives permanentes dans le domaine de la sant\u00e9 mentale et du bien-\u00eatre de la communaut\u00e9.<\/p>\n<p>En outre, il convient de noter que cette approche artistique des questions de sant\u00e9 mentale a d\u00e9j\u00e0 \u00e9t\u00e9 utilis\u00e9e dans le cadre d&rsquo;un projet th\u00e9\u00e2tral il y a plusieurs ann\u00e9es. Elle a \u00e9t\u00e9 pr\u00e9sent\u00e9e comme un exemple de bonne pratique dans la lutte contre la d\u00e9mence par l&rsquo;auteure am\u00e9ricaine Mary Crescenzo dans son r\u00e9cent projet de recherche intitul\u00e9 \u00ab\u00a0How Theatre as Art and Public Forum Can Foster Dementia Awareness\u00a0\u00bb ( Comment le th\u00e9\u00e2tre en tant qu&rsquo;art et forum public peut favoriser la prise de conscience de la d\u00e9mence ). Nous sommes donc heureux que notre effort eur\u00e9gional soit \u00e9galement reconnu dans le monde entier.<\/p>\n","protected":false},"excerpt":{"rendered":"<p>D\u00e9termin\u00e9e \u00e0 mettre en lumi\u00e8re les d\u00e9fis de la solitude, la pi\u00e8ce de th\u00e9\u00e2tre \u00ab\u00a0Sterrelicht\u00a0\u00bb a d\u00e9montr\u00e9 son succ\u00e8s \u00e0 long terme dimanche dernier \u00e0 Nuth ( aux Pays-Bas ) en attirant un public de 300 personnes. Dans le cadre du projet euPrevent PROFILE, la pi\u00e8ce visait \u00e0 sensibiliser \u00e0 la solitude et \u00e0 encourager [&hellip;]<\/p>\n","protected":false},"author":3,"featured_media":22348,"comment_status":"closed","ping_status":"closed","sticky":false,"template":"","format":"standard","meta":{"_acf_changed":false,"footnotes":""},"categories":[24],"tags":[],"class_list":["post-22352","post","type-post","status-publish","format-standard","has-post-thumbnail","hentry","category-non-classifiee","programmes-mental-health","projects-project-profile"],"acf":[],"yoast_head":"<!-- This site is optimized with the Yoast SEO plugin v27.5 - https:\/\/yoast.com\/product\/yoast-seo-wordpress\/ -->\n<title>&quot;Sterrelichht&quot; ( Lumi\u00e8re des \u00e9toiles ) illumine la sc\u00e8ne et les c\u0153urs dans la lutte contre la solitude - euPrevent<\/title>\n<meta name=\"robots\" content=\"index, follow, max-snippet:-1, max-image-preview:large, max-video-preview:-1\" \/>\n<link rel=\"canonical\" href=\"https:\/\/euprevent.eu\/fr\/starlight-lights-up-the-stage-and-hearts-in-the-battle-against-loneliness\/\" \/>\n<meta property=\"og:locale\" content=\"fr_FR\" \/>\n<meta property=\"og:type\" content=\"article\" \/>\n<meta property=\"og:title\" content=\"&quot;Sterrelichht&quot; ( Lumi\u00e8re des \u00e9toiles ) illumine la sc\u00e8ne et les c\u0153urs dans la lutte contre la solitude - euPrevent\" \/>\n<meta property=\"og:description\" content=\"D\u00e9termin\u00e9e \u00e0 mettre en lumi\u00e8re les d\u00e9fis de la solitude, la pi\u00e8ce de th\u00e9\u00e2tre \u00ab\u00a0Sterrelicht\u00a0\u00bb a d\u00e9montr\u00e9 son succ\u00e8s \u00e0 long terme dimanche dernier \u00e0 Nuth ( aux Pays-Bas ) en attirant un public de 300 personnes. Dans le cadre du projet euPrevent PROFILE, la pi\u00e8ce visait \u00e0 sensibiliser \u00e0 la solitude et \u00e0 encourager [&hellip;]\" \/>\n<meta property=\"og:url\" content=\"https:\/\/euprevent.eu\/fr\/starlight-lights-up-the-stage-and-hearts-in-the-battle-against-loneliness\/\" \/>\n<meta property=\"og:site_name\" content=\"euPrevent\" \/>\n<meta property=\"article:published_time\" content=\"2024-03-06T09:59:13+00:00\" \/>\n<meta property=\"article:modified_time\" content=\"2024-03-06T10:05:18+00:00\" \/>\n<meta property=\"og:image\" content=\"https:\/\/euprevent.eu\/wp-content\/uploads\/2024\/03\/Screenshot-2024-03-06-105228.png\" \/>\n\t<meta property=\"og:image:width\" content=\"360\" \/>\n\t<meta property=\"og:image:height\" content=\"418\" \/>\n\t<meta property=\"og:image:type\" content=\"image\/png\" \/>\n<meta name=\"author\" content=\"Communication euPrevent\" \/>\n<meta name=\"twitter:card\" content=\"summary_large_image\" \/>\n<meta name=\"twitter:label1\" content=\"\u00c9crit par\" \/>\n\t<meta name=\"twitter:data1\" content=\"Communication euPrevent\" \/>\n\t<meta name=\"twitter:label2\" content=\"Dur\u00e9e de lecture estim\u00e9e\" \/>\n\t<meta name=\"twitter:data2\" content=\"2 minutes\" \/>\n<script type=\"application\/ld+json\" class=\"yoast-schema-graph\">{\"@context\":\"https:\\\/\\\/schema.org\",\"@graph\":[{\"@type\":\"Article\",\"@id\":\"https:\\\/\\\/euprevent.eu\\\/fr\\\/starlight-lights-up-the-stage-and-hearts-in-the-battle-against-loneliness\\\/#article\",\"isPartOf\":{\"@id\":\"https:\\\/\\\/euprevent.eu\\\/fr\\\/starlight-lights-up-the-stage-and-hearts-in-the-battle-against-loneliness\\\/\"},\"author\":{\"name\":\"Communication euPrevent\",\"@id\":\"https:\\\/\\\/euprevent.eu\\\/fr\\\/#\\\/schema\\\/person\\\/c78f5e651f86d51d78976d2651a60b8b\"},\"headline\":\"\u00ab\u00a0Sterrelichht\u00a0\u00bb ( Lumi\u00e8re des \u00e9toiles ) illumine la sc\u00e8ne et les c\u0153urs dans la lutte contre la solitude\",\"datePublished\":\"2024-03-06T09:59:13+00:00\",\"dateModified\":\"2024-03-06T10:05:18+00:00\",\"mainEntityOfPage\":{\"@id\":\"https:\\\/\\\/euprevent.eu\\\/fr\\\/starlight-lights-up-the-stage-and-hearts-in-the-battle-against-loneliness\\\/\"},\"wordCount\":338,\"image\":{\"@id\":\"https:\\\/\\\/euprevent.eu\\\/fr\\\/starlight-lights-up-the-stage-and-hearts-in-the-battle-against-loneliness\\\/#primaryimage\"},\"thumbnailUrl\":\"https:\\\/\\\/euprevent.eu\\\/wp-content\\\/uploads\\\/2024\\\/03\\\/Screenshot-2024-03-06-105228.png\",\"articleSection\":[\"Non classifi\u00e9(e)\"],\"inLanguage\":\"fr-FR\"},{\"@type\":\"WebPage\",\"@id\":\"https:\\\/\\\/euprevent.eu\\\/fr\\\/starlight-lights-up-the-stage-and-hearts-in-the-battle-against-loneliness\\\/\",\"url\":\"https:\\\/\\\/euprevent.eu\\\/fr\\\/starlight-lights-up-the-stage-and-hearts-in-the-battle-against-loneliness\\\/\",\"name\":\"\\\"Sterrelichht\\\" ( Lumi\u00e8re des \u00e9toiles ) illumine la sc\u00e8ne et les c\u0153urs dans la lutte contre la solitude - euPrevent\",\"isPartOf\":{\"@id\":\"https:\\\/\\\/euprevent.eu\\\/fr\\\/#website\"},\"primaryImageOfPage\":{\"@id\":\"https:\\\/\\\/euprevent.eu\\\/fr\\\/starlight-lights-up-the-stage-and-hearts-in-the-battle-against-loneliness\\\/#primaryimage\"},\"image\":{\"@id\":\"https:\\\/\\\/euprevent.eu\\\/fr\\\/starlight-lights-up-the-stage-and-hearts-in-the-battle-against-loneliness\\\/#primaryimage\"},\"thumbnailUrl\":\"https:\\\/\\\/euprevent.eu\\\/wp-content\\\/uploads\\\/2024\\\/03\\\/Screenshot-2024-03-06-105228.png\",\"datePublished\":\"2024-03-06T09:59:13+00:00\",\"dateModified\":\"2024-03-06T10:05:18+00:00\",\"author\":{\"@id\":\"https:\\\/\\\/euprevent.eu\\\/fr\\\/#\\\/schema\\\/person\\\/c78f5e651f86d51d78976d2651a60b8b\"},\"breadcrumb\":{\"@id\":\"https:\\\/\\\/euprevent.eu\\\/fr\\\/starlight-lights-up-the-stage-and-hearts-in-the-battle-against-loneliness\\\/#breadcrumb\"},\"inLanguage\":\"fr-FR\",\"potentialAction\":[{\"@type\":\"ReadAction\",\"target\":[\"https:\\\/\\\/euprevent.eu\\\/fr\\\/starlight-lights-up-the-stage-and-hearts-in-the-battle-against-loneliness\\\/\"]}]},{\"@type\":\"ImageObject\",\"inLanguage\":\"fr-FR\",\"@id\":\"https:\\\/\\\/euprevent.eu\\\/fr\\\/starlight-lights-up-the-stage-and-hearts-in-the-battle-against-loneliness\\\/#primaryimage\",\"url\":\"https:\\\/\\\/euprevent.eu\\\/wp-content\\\/uploads\\\/2024\\\/03\\\/Screenshot-2024-03-06-105228.png\",\"contentUrl\":\"https:\\\/\\\/euprevent.eu\\\/wp-content\\\/uploads\\\/2024\\\/03\\\/Screenshot-2024-03-06-105228.png\",\"width\":360,\"height\":418},{\"@type\":\"BreadcrumbList\",\"@id\":\"https:\\\/\\\/euprevent.eu\\\/fr\\\/starlight-lights-up-the-stage-and-hearts-in-the-battle-against-loneliness\\\/#breadcrumb\",\"itemListElement\":[{\"@type\":\"ListItem\",\"position\":1,\"name\":\"Home\",\"item\":\"https:\\\/\\\/euprevent.eu\\\/fr\\\/\"},{\"@type\":\"ListItem\",\"position\":2,\"name\":\"\u00ab\u00a0Sterrelichht\u00a0\u00bb ( Lumi\u00e8re des \u00e9toiles ) illumine la sc\u00e8ne et les c\u0153urs dans la lutte contre la solitude\"}]},{\"@type\":\"WebSite\",\"@id\":\"https:\\\/\\\/euprevent.eu\\\/fr\\\/#website\",\"url\":\"https:\\\/\\\/euprevent.eu\\\/fr\\\/\",\"name\":\"euPrevent\",\"description\":\"euPrevent is a Euroregional network that focuses on promoting health. Within this network, sustainable partnerships seek to increase the quality of life of residents in the border region between the Netherlands, Belgium and Germany.\",\"potentialAction\":[{\"@type\":\"SearchAction\",\"target\":{\"@type\":\"EntryPoint\",\"urlTemplate\":\"https:\\\/\\\/euprevent.eu\\\/fr\\\/?s={search_term_string}\"},\"query-input\":{\"@type\":\"PropertyValueSpecification\",\"valueRequired\":true,\"valueName\":\"search_term_string\"}}],\"inLanguage\":\"fr-FR\"},{\"@type\":\"Person\",\"@id\":\"https:\\\/\\\/euprevent.eu\\\/fr\\\/#\\\/schema\\\/person\\\/c78f5e651f86d51d78976d2651a60b8b\",\"name\":\"Communication euPrevent\"}]}<\/script>\n<!-- \/ Yoast SEO plugin. -->","yoast_head_json":{"title":"\"Sterrelichht\" ( Lumi\u00e8re des \u00e9toiles ) illumine la sc\u00e8ne et les c\u0153urs dans la lutte contre la solitude - euPrevent","robots":{"index":"index","follow":"follow","max-snippet":"max-snippet:-1","max-image-preview":"max-image-preview:large","max-video-preview":"max-video-preview:-1"},"canonical":"https:\/\/euprevent.eu\/fr\/starlight-lights-up-the-stage-and-hearts-in-the-battle-against-loneliness\/","og_locale":"fr_FR","og_type":"article","og_title":"\"Sterrelichht\" ( Lumi\u00e8re des \u00e9toiles ) illumine la sc\u00e8ne et les c\u0153urs dans la lutte contre la solitude - euPrevent","og_description":"D\u00e9termin\u00e9e \u00e0 mettre en lumi\u00e8re les d\u00e9fis de la solitude, la pi\u00e8ce de th\u00e9\u00e2tre \u00ab\u00a0Sterrelicht\u00a0\u00bb a d\u00e9montr\u00e9 son succ\u00e8s \u00e0 long terme dimanche dernier \u00e0 Nuth ( aux Pays-Bas ) en attirant un public de 300 personnes. Dans le cadre du projet euPrevent PROFILE, la pi\u00e8ce visait \u00e0 sensibiliser \u00e0 la solitude et \u00e0 encourager [&hellip;]","og_url":"https:\/\/euprevent.eu\/fr\/starlight-lights-up-the-stage-and-hearts-in-the-battle-against-loneliness\/","og_site_name":"euPrevent","article_published_time":"2024-03-06T09:59:13+00:00","article_modified_time":"2024-03-06T10:05:18+00:00","og_image":[{"width":360,"height":418,"url":"https:\/\/euprevent.eu\/wp-content\/uploads\/2024\/03\/Screenshot-2024-03-06-105228.png","type":"image\/png"}],"author":"Communication euPrevent","twitter_card":"summary_large_image","twitter_misc":{"\u00c9crit par":"Communication euPrevent","Dur\u00e9e de lecture estim\u00e9e":"2 minutes"},"schema":{"@context":"https:\/\/schema.org","@graph":[{"@type":"Article","@id":"https:\/\/euprevent.eu\/fr\/starlight-lights-up-the-stage-and-hearts-in-the-battle-against-loneliness\/#article","isPartOf":{"@id":"https:\/\/euprevent.eu\/fr\/starlight-lights-up-the-stage-and-hearts-in-the-battle-against-loneliness\/"},"author":{"name":"Communication euPrevent","@id":"https:\/\/euprevent.eu\/fr\/#\/schema\/person\/c78f5e651f86d51d78976d2651a60b8b"},"headline":"\u00ab\u00a0Sterrelichht\u00a0\u00bb ( Lumi\u00e8re des \u00e9toiles ) illumine la sc\u00e8ne et les c\u0153urs dans la lutte contre la solitude","datePublished":"2024-03-06T09:59:13+00:00","dateModified":"2024-03-06T10:05:18+00:00","mainEntityOfPage":{"@id":"https:\/\/euprevent.eu\/fr\/starlight-lights-up-the-stage-and-hearts-in-the-battle-against-loneliness\/"},"wordCount":338,"image":{"@id":"https:\/\/euprevent.eu\/fr\/starlight-lights-up-the-stage-and-hearts-in-the-battle-against-loneliness\/#primaryimage"},"thumbnailUrl":"https:\/\/euprevent.eu\/wp-content\/uploads\/2024\/03\/Screenshot-2024-03-06-105228.png","articleSection":["Non classifi\u00e9(e)"],"inLanguage":"fr-FR"},{"@type":"WebPage","@id":"https:\/\/euprevent.eu\/fr\/starlight-lights-up-the-stage-and-hearts-in-the-battle-against-loneliness\/","url":"https:\/\/euprevent.eu\/fr\/starlight-lights-up-the-stage-and-hearts-in-the-battle-against-loneliness\/","name":"\"Sterrelichht\" ( Lumi\u00e8re des \u00e9toiles ) illumine la sc\u00e8ne et les c\u0153urs dans la lutte contre la solitude - euPrevent","isPartOf":{"@id":"https:\/\/euprevent.eu\/fr\/#website"},"primaryImageOfPage":{"@id":"https:\/\/euprevent.eu\/fr\/starlight-lights-up-the-stage-and-hearts-in-the-battle-against-loneliness\/#primaryimage"},"image":{"@id":"https:\/\/euprevent.eu\/fr\/starlight-lights-up-the-stage-and-hearts-in-the-battle-against-loneliness\/#primaryimage"},"thumbnailUrl":"https:\/\/euprevent.eu\/wp-content\/uploads\/2024\/03\/Screenshot-2024-03-06-105228.png","datePublished":"2024-03-06T09:59:13+00:00","dateModified":"2024-03-06T10:05:18+00:00","author":{"@id":"https:\/\/euprevent.eu\/fr\/#\/schema\/person\/c78f5e651f86d51d78976d2651a60b8b"},"breadcrumb":{"@id":"https:\/\/euprevent.eu\/fr\/starlight-lights-up-the-stage-and-hearts-in-the-battle-against-loneliness\/#breadcrumb"},"inLanguage":"fr-FR","potentialAction":[{"@type":"ReadAction","target":["https:\/\/euprevent.eu\/fr\/starlight-lights-up-the-stage-and-hearts-in-the-battle-against-loneliness\/"]}]},{"@type":"ImageObject","inLanguage":"fr-FR","@id":"https:\/\/euprevent.eu\/fr\/starlight-lights-up-the-stage-and-hearts-in-the-battle-against-loneliness\/#primaryimage","url":"https:\/\/euprevent.eu\/wp-content\/uploads\/2024\/03\/Screenshot-2024-03-06-105228.png","contentUrl":"https:\/\/euprevent.eu\/wp-content\/uploads\/2024\/03\/Screenshot-2024-03-06-105228.png","width":360,"height":418},{"@type":"BreadcrumbList","@id":"https:\/\/euprevent.eu\/fr\/starlight-lights-up-the-stage-and-hearts-in-the-battle-against-loneliness\/#breadcrumb","itemListElement":[{"@type":"ListItem","position":1,"name":"Home","item":"https:\/\/euprevent.eu\/fr\/"},{"@type":"ListItem","position":2,"name":"\u00ab\u00a0Sterrelichht\u00a0\u00bb ( Lumi\u00e8re des \u00e9toiles ) illumine la sc\u00e8ne et les c\u0153urs dans la lutte contre la solitude"}]},{"@type":"WebSite","@id":"https:\/\/euprevent.eu\/fr\/#website","url":"https:\/\/euprevent.eu\/fr\/","name":"euPrevent","description":"euPrevent is a Euroregional network that focuses on promoting health. Within this network, sustainable partnerships seek to increase the quality of life of residents in the border region between the Netherlands, Belgium and Germany.","potentialAction":[{"@type":"SearchAction","target":{"@type":"EntryPoint","urlTemplate":"https:\/\/euprevent.eu\/fr\/?s={search_term_string}"},"query-input":{"@type":"PropertyValueSpecification","valueRequired":true,"valueName":"search_term_string"}}],"inLanguage":"fr-FR"},{"@type":"Person","@id":"https:\/\/euprevent.eu\/fr\/#\/schema\/person\/c78f5e651f86d51d78976d2651a60b8b","name":"Communication euPrevent"}]}},"_links":{"self":[{"href":"https:\/\/euprevent.eu\/fr\/wp-json\/wp\/v2\/posts\/22352","targetHints":{"allow":["GET"]}}],"collection":[{"href":"https:\/\/euprevent.eu\/fr\/wp-json\/wp\/v2\/posts"}],"about":[{"href":"https:\/\/euprevent.eu\/fr\/wp-json\/wp\/v2\/types\/post"}],"author":[{"embeddable":true,"href":"https:\/\/euprevent.eu\/fr\/wp-json\/wp\/v2\/users\/3"}],"replies":[{"embeddable":true,"href":"https:\/\/euprevent.eu\/fr\/wp-json\/wp\/v2\/comments?post=22352"}],"version-history":[{"count":2,"href":"https:\/\/euprevent.eu\/fr\/wp-json\/wp\/v2\/posts\/22352\/revisions"}],"predecessor-version":[{"id":22357,"href":"https:\/\/euprevent.eu\/fr\/wp-json\/wp\/v2\/posts\/22352\/revisions\/22357"}],"wp:featuredmedia":[{"embeddable":true,"href":"https:\/\/euprevent.eu\/fr\/wp-json\/wp\/v2\/media\/22348"}],"wp:attachment":[{"href":"https:\/\/euprevent.eu\/fr\/wp-json\/wp\/v2\/media?parent=22352"}],"wp:term":[{"taxonomy":"category","embeddable":true,"href":"https:\/\/euprevent.eu\/fr\/wp-json\/wp\/v2\/categories?post=22352"},{"taxonomy":"post_tag","embeddable":true,"href":"https:\/\/euprevent.eu\/fr\/wp-json\/wp\/v2\/tags?post=22352"}],"curies":[{"name":"wp","href":"https:\/\/api.w.org\/{rel}","templated":true}]}}