


{"id":21835,"date":"2023-09-06T08:51:42","date_gmt":"2023-09-06T07:51:42","guid":{"rendered":"https:\/\/euprevent.eu\/understanding-the-impact-of-social-relationships-on-mental-well-being-in-border-regions\/"},"modified":"2023-09-06T09:01:20","modified_gmt":"2023-09-06T08:01:20","slug":"understanding-the-impact-of-social-relationships-on-mental-well-being-in-border-regions","status":"publish","type":"post","link":"https:\/\/euprevent.eu\/fr\/understanding-the-impact-of-social-relationships-on-mental-well-being-in-border-regions\/","title":{"rendered":"Comprendre l&rsquo;impact des relations sociales sur le bien-\u00eatre mental dans les r\u00e9gions frontali\u00e8res"},"content":{"rendered":"<p>Vivre dans une r\u00e9gion frontali\u00e8re offre un m\u00e9lange unique d&rsquo;opportunit\u00e9s et de d\u00e9fis, y compris l&rsquo;acc\u00e8s possible \u00e0 des soins de sant\u00e9 transfrontaliers. Le projet euPrevent Sant\u00e9 mentale et r\u00e9seaux sociaux (SoMe) est donc con\u00e7u pour explorer le r\u00f4le des r\u00e9seaux sociaux transfrontaliers dans l&rsquo;interaction avec la sant\u00e9 mentale et le bien-\u00eatre, en se concentrant sur les citoyens de l&rsquo;Euror\u00e9gion Meuse-Rhin (EMR).<\/p>\n<p>Afin de cartographier les r\u00e9seaux sociaux transfrontaliers, un certain nombre d&rsquo;entretiens approfondis ont \u00e9t\u00e9 men\u00e9s avec des personnes vivant dans l&rsquo;EMR, y compris celles qui ont une exp\u00e9rience des soins de sant\u00e9 transfrontaliers. Ces entretiens ont permis non seulement d&rsquo;identifier les composantes de ces r\u00e9seaux, mais aussi de mettre en lumi\u00e8re l&rsquo;interaction entre ces r\u00e9seaux et le bien-\u00eatre mental. Les premiers r\u00e9sultats de cette analyse ont \u00e9t\u00e9 publi\u00e9s : <a href=\"https:\/\/www.linkedin.com\/company\/35476371\/admin\/feed\/posts\/\">https:\/\/www.linkedin.com\/company\/35476371\/admin\/feed\/posts\/<\/a>.<\/p>\n<p>Ces r\u00e9cits exemplaires sont pr\u00e9sent\u00e9s dans un carrousel, soulignant les questions qui pr\u00e9occupent la population de la r\u00e9gion frontali\u00e8re : les connexions transfrontali\u00e8res sont importantes pour les personnes vivant dans la r\u00e9gion frontali\u00e8re, en particulier pour leur sant\u00e9 mentale ; et les personnes ont besoin de plus d&rsquo;informations sur les soins de sant\u00e9 transfrontaliers.<\/p>\n<p>Restez \u00e0 l&rsquo;\u00e9coute pour des mises \u00e0 jour au fur et \u00e0 mesure que nous publierons d&rsquo;autres r\u00e9sultats du projet SoMe.\u00a0Le microprojet euPrevent SoMe est cofinanc\u00e9 par le Fonds europ\u00e9en de d\u00e9veloppement r\u00e9gional (FEDER) et les partenaires du projet dans le cadre du projet People to People2\u00a0<a href=\"https:\/\/www.interregemr.eu\/home-fr\">Interreg V-A EMR<\/a>.<\/p>\n","protected":false},"excerpt":{"rendered":"<p>Vivre dans une r\u00e9gion frontali\u00e8re offre un m\u00e9lange unique d&rsquo;opportunit\u00e9s et de d\u00e9fis, y compris l&rsquo;acc\u00e8s possible \u00e0 des soins de sant\u00e9 transfrontaliers. Le projet euPrevent Sant\u00e9 mentale et r\u00e9seaux sociaux (SoMe) est donc con\u00e7u pour explorer le r\u00f4le des r\u00e9seaux sociaux transfrontaliers dans l&rsquo;interaction avec la sant\u00e9 mentale et le bien-\u00eatre, en se concentrant [&hellip;]<\/p>\n","protected":false},"author":3,"featured_media":21831,"comment_status":"closed","ping_status":"closed","sticky":false,"template":"","format":"standard","meta":{"_acf_changed":false,"footnotes":""},"categories":[24],"tags":[],"class_list":["post-21835","post","type-post","status-publish","format-standard","has-post-thumbnail","hentry","category-non-classifiee","programmes-mental-health","projects-project-some"],"acf":[],"yoast_head":"<!-- This site is optimized with the Yoast SEO plugin v27.5 - https:\/\/yoast.com\/product\/yoast-seo-wordpress\/ -->\n<title>Comprendre l&#039;impact des relations sociales sur le bien-\u00eatre mental dans les r\u00e9gions frontali\u00e8res - euPrevent<\/title>\n<meta name=\"robots\" content=\"index, follow, max-snippet:-1, max-image-preview:large, max-video-preview:-1\" \/>\n<link rel=\"canonical\" href=\"https:\/\/euprevent.eu\/fr\/understanding-the-impact-of-social-relationships-on-mental-well-being-in-border-regions\/\" \/>\n<meta property=\"og:locale\" content=\"fr_FR\" \/>\n<meta property=\"og:type\" content=\"article\" \/>\n<meta property=\"og:title\" content=\"Comprendre l&#039;impact des relations sociales sur le bien-\u00eatre mental dans les r\u00e9gions frontali\u00e8res - euPrevent\" \/>\n<meta property=\"og:description\" content=\"Vivre dans une r\u00e9gion frontali\u00e8re offre un m\u00e9lange unique d&rsquo;opportunit\u00e9s et de d\u00e9fis, y compris l&rsquo;acc\u00e8s possible \u00e0 des soins de sant\u00e9 transfrontaliers. Le projet euPrevent Sant\u00e9 mentale et r\u00e9seaux sociaux (SoMe) est donc con\u00e7u pour explorer le r\u00f4le des r\u00e9seaux sociaux transfrontaliers dans l&rsquo;interaction avec la sant\u00e9 mentale et le bien-\u00eatre, en se concentrant [&hellip;]\" \/>\n<meta property=\"og:url\" content=\"https:\/\/euprevent.eu\/fr\/understanding-the-impact-of-social-relationships-on-mental-well-being-in-border-regions\/\" \/>\n<meta property=\"og:site_name\" content=\"euPrevent\" \/>\n<meta property=\"article:published_time\" content=\"2023-09-06T07:51:42+00:00\" \/>\n<meta property=\"article:modified_time\" content=\"2023-09-06T08:01:20+00:00\" \/>\n<meta property=\"og:image\" content=\"https:\/\/euprevent.eu\/wp-content\/uploads\/2023\/09\/carousel.png\" \/>\n\t<meta property=\"og:image:width\" content=\"798\" \/>\n\t<meta property=\"og:image:height\" content=\"687\" \/>\n\t<meta property=\"og:image:type\" content=\"image\/png\" \/>\n<meta name=\"author\" content=\"Communication euPrevent\" \/>\n<meta name=\"twitter:card\" content=\"summary_large_image\" \/>\n<meta name=\"twitter:label1\" content=\"\u00c9crit par\" \/>\n\t<meta name=\"twitter:data1\" content=\"Communication euPrevent\" \/>\n\t<meta name=\"twitter:label2\" content=\"Dur\u00e9e de lecture estim\u00e9e\" \/>\n\t<meta name=\"twitter:data2\" content=\"2 minutes\" \/>\n<script type=\"application\/ld+json\" class=\"yoast-schema-graph\">{\"@context\":\"https:\\\/\\\/schema.org\",\"@graph\":[{\"@type\":\"Article\",\"@id\":\"https:\\\/\\\/euprevent.eu\\\/fr\\\/understanding-the-impact-of-social-relationships-on-mental-well-being-in-border-regions\\\/#article\",\"isPartOf\":{\"@id\":\"https:\\\/\\\/euprevent.eu\\\/fr\\\/understanding-the-impact-of-social-relationships-on-mental-well-being-in-border-regions\\\/\"},\"author\":{\"name\":\"Communication euPrevent\",\"@id\":\"https:\\\/\\\/euprevent.eu\\\/fr\\\/#\\\/schema\\\/person\\\/c78f5e651f86d51d78976d2651a60b8b\"},\"headline\":\"Comprendre l&rsquo;impact des relations sociales sur le bien-\u00eatre mental dans les r\u00e9gions frontali\u00e8res\",\"datePublished\":\"2023-09-06T07:51:42+00:00\",\"dateModified\":\"2023-09-06T08:01:20+00:00\",\"mainEntityOfPage\":{\"@id\":\"https:\\\/\\\/euprevent.eu\\\/fr\\\/understanding-the-impact-of-social-relationships-on-mental-well-being-in-border-regions\\\/\"},\"wordCount\":288,\"image\":{\"@id\":\"https:\\\/\\\/euprevent.eu\\\/fr\\\/understanding-the-impact-of-social-relationships-on-mental-well-being-in-border-regions\\\/#primaryimage\"},\"thumbnailUrl\":\"https:\\\/\\\/euprevent.eu\\\/wp-content\\\/uploads\\\/2023\\\/09\\\/carousel.png\",\"articleSection\":[\"Non classifi\u00e9(e)\"],\"inLanguage\":\"fr-FR\"},{\"@type\":\"WebPage\",\"@id\":\"https:\\\/\\\/euprevent.eu\\\/fr\\\/understanding-the-impact-of-social-relationships-on-mental-well-being-in-border-regions\\\/\",\"url\":\"https:\\\/\\\/euprevent.eu\\\/fr\\\/understanding-the-impact-of-social-relationships-on-mental-well-being-in-border-regions\\\/\",\"name\":\"Comprendre l'impact des relations sociales sur le bien-\u00eatre mental dans les r\u00e9gions frontali\u00e8res - euPrevent\",\"isPartOf\":{\"@id\":\"https:\\\/\\\/euprevent.eu\\\/fr\\\/#website\"},\"primaryImageOfPage\":{\"@id\":\"https:\\\/\\\/euprevent.eu\\\/fr\\\/understanding-the-impact-of-social-relationships-on-mental-well-being-in-border-regions\\\/#primaryimage\"},\"image\":{\"@id\":\"https:\\\/\\\/euprevent.eu\\\/fr\\\/understanding-the-impact-of-social-relationships-on-mental-well-being-in-border-regions\\\/#primaryimage\"},\"thumbnailUrl\":\"https:\\\/\\\/euprevent.eu\\\/wp-content\\\/uploads\\\/2023\\\/09\\\/carousel.png\",\"datePublished\":\"2023-09-06T07:51:42+00:00\",\"dateModified\":\"2023-09-06T08:01:20+00:00\",\"author\":{\"@id\":\"https:\\\/\\\/euprevent.eu\\\/fr\\\/#\\\/schema\\\/person\\\/c78f5e651f86d51d78976d2651a60b8b\"},\"breadcrumb\":{\"@id\":\"https:\\\/\\\/euprevent.eu\\\/fr\\\/understanding-the-impact-of-social-relationships-on-mental-well-being-in-border-regions\\\/#breadcrumb\"},\"inLanguage\":\"fr-FR\",\"potentialAction\":[{\"@type\":\"ReadAction\",\"target\":[\"https:\\\/\\\/euprevent.eu\\\/fr\\\/understanding-the-impact-of-social-relationships-on-mental-well-being-in-border-regions\\\/\"]}]},{\"@type\":\"ImageObject\",\"inLanguage\":\"fr-FR\",\"@id\":\"https:\\\/\\\/euprevent.eu\\\/fr\\\/understanding-the-impact-of-social-relationships-on-mental-well-being-in-border-regions\\\/#primaryimage\",\"url\":\"https:\\\/\\\/euprevent.eu\\\/wp-content\\\/uploads\\\/2023\\\/09\\\/carousel.png\",\"contentUrl\":\"https:\\\/\\\/euprevent.eu\\\/wp-content\\\/uploads\\\/2023\\\/09\\\/carousel.png\",\"width\":798,\"height\":687},{\"@type\":\"BreadcrumbList\",\"@id\":\"https:\\\/\\\/euprevent.eu\\\/fr\\\/understanding-the-impact-of-social-relationships-on-mental-well-being-in-border-regions\\\/#breadcrumb\",\"itemListElement\":[{\"@type\":\"ListItem\",\"position\":1,\"name\":\"Home\",\"item\":\"https:\\\/\\\/euprevent.eu\\\/fr\\\/\"},{\"@type\":\"ListItem\",\"position\":2,\"name\":\"Comprendre l&#8217;impact des relations sociales sur le bien-\u00eatre mental dans les r\u00e9gions frontali\u00e8res\"}]},{\"@type\":\"WebSite\",\"@id\":\"https:\\\/\\\/euprevent.eu\\\/fr\\\/#website\",\"url\":\"https:\\\/\\\/euprevent.eu\\\/fr\\\/\",\"name\":\"euPrevent\",\"description\":\"euPrevent is a Euroregional network that focuses on promoting health. Within this network, sustainable partnerships seek to increase the quality of life of residents in the border region between the Netherlands, Belgium and Germany.\",\"potentialAction\":[{\"@type\":\"SearchAction\",\"target\":{\"@type\":\"EntryPoint\",\"urlTemplate\":\"https:\\\/\\\/euprevent.eu\\\/fr\\\/?s={search_term_string}\"},\"query-input\":{\"@type\":\"PropertyValueSpecification\",\"valueRequired\":true,\"valueName\":\"search_term_string\"}}],\"inLanguage\":\"fr-FR\"},{\"@type\":\"Person\",\"@id\":\"https:\\\/\\\/euprevent.eu\\\/fr\\\/#\\\/schema\\\/person\\\/c78f5e651f86d51d78976d2651a60b8b\",\"name\":\"Communication euPrevent\"}]}<\/script>\n<!-- \/ Yoast SEO plugin. -->","yoast_head_json":{"title":"Comprendre l'impact des relations sociales sur le bien-\u00eatre mental dans les r\u00e9gions frontali\u00e8res - euPrevent","robots":{"index":"index","follow":"follow","max-snippet":"max-snippet:-1","max-image-preview":"max-image-preview:large","max-video-preview":"max-video-preview:-1"},"canonical":"https:\/\/euprevent.eu\/fr\/understanding-the-impact-of-social-relationships-on-mental-well-being-in-border-regions\/","og_locale":"fr_FR","og_type":"article","og_title":"Comprendre l'impact des relations sociales sur le bien-\u00eatre mental dans les r\u00e9gions frontali\u00e8res - euPrevent","og_description":"Vivre dans une r\u00e9gion frontali\u00e8re offre un m\u00e9lange unique d&rsquo;opportunit\u00e9s et de d\u00e9fis, y compris l&rsquo;acc\u00e8s possible \u00e0 des soins de sant\u00e9 transfrontaliers. Le projet euPrevent Sant\u00e9 mentale et r\u00e9seaux sociaux (SoMe) est donc con\u00e7u pour explorer le r\u00f4le des r\u00e9seaux sociaux transfrontaliers dans l&rsquo;interaction avec la sant\u00e9 mentale et le bien-\u00eatre, en se concentrant [&hellip;]","og_url":"https:\/\/euprevent.eu\/fr\/understanding-the-impact-of-social-relationships-on-mental-well-being-in-border-regions\/","og_site_name":"euPrevent","article_published_time":"2023-09-06T07:51:42+00:00","article_modified_time":"2023-09-06T08:01:20+00:00","og_image":[{"width":798,"height":687,"url":"https:\/\/euprevent.eu\/wp-content\/uploads\/2023\/09\/carousel.png","type":"image\/png"}],"author":"Communication euPrevent","twitter_card":"summary_large_image","twitter_misc":{"\u00c9crit par":"Communication euPrevent","Dur\u00e9e de lecture estim\u00e9e":"2 minutes"},"schema":{"@context":"https:\/\/schema.org","@graph":[{"@type":"Article","@id":"https:\/\/euprevent.eu\/fr\/understanding-the-impact-of-social-relationships-on-mental-well-being-in-border-regions\/#article","isPartOf":{"@id":"https:\/\/euprevent.eu\/fr\/understanding-the-impact-of-social-relationships-on-mental-well-being-in-border-regions\/"},"author":{"name":"Communication euPrevent","@id":"https:\/\/euprevent.eu\/fr\/#\/schema\/person\/c78f5e651f86d51d78976d2651a60b8b"},"headline":"Comprendre l&rsquo;impact des relations sociales sur le bien-\u00eatre mental dans les r\u00e9gions frontali\u00e8res","datePublished":"2023-09-06T07:51:42+00:00","dateModified":"2023-09-06T08:01:20+00:00","mainEntityOfPage":{"@id":"https:\/\/euprevent.eu\/fr\/understanding-the-impact-of-social-relationships-on-mental-well-being-in-border-regions\/"},"wordCount":288,"image":{"@id":"https:\/\/euprevent.eu\/fr\/understanding-the-impact-of-social-relationships-on-mental-well-being-in-border-regions\/#primaryimage"},"thumbnailUrl":"https:\/\/euprevent.eu\/wp-content\/uploads\/2023\/09\/carousel.png","articleSection":["Non classifi\u00e9(e)"],"inLanguage":"fr-FR"},{"@type":"WebPage","@id":"https:\/\/euprevent.eu\/fr\/understanding-the-impact-of-social-relationships-on-mental-well-being-in-border-regions\/","url":"https:\/\/euprevent.eu\/fr\/understanding-the-impact-of-social-relationships-on-mental-well-being-in-border-regions\/","name":"Comprendre l'impact des relations sociales sur le bien-\u00eatre mental dans les r\u00e9gions frontali\u00e8res - euPrevent","isPartOf":{"@id":"https:\/\/euprevent.eu\/fr\/#website"},"primaryImageOfPage":{"@id":"https:\/\/euprevent.eu\/fr\/understanding-the-impact-of-social-relationships-on-mental-well-being-in-border-regions\/#primaryimage"},"image":{"@id":"https:\/\/euprevent.eu\/fr\/understanding-the-impact-of-social-relationships-on-mental-well-being-in-border-regions\/#primaryimage"},"thumbnailUrl":"https:\/\/euprevent.eu\/wp-content\/uploads\/2023\/09\/carousel.png","datePublished":"2023-09-06T07:51:42+00:00","dateModified":"2023-09-06T08:01:20+00:00","author":{"@id":"https:\/\/euprevent.eu\/fr\/#\/schema\/person\/c78f5e651f86d51d78976d2651a60b8b"},"breadcrumb":{"@id":"https:\/\/euprevent.eu\/fr\/understanding-the-impact-of-social-relationships-on-mental-well-being-in-border-regions\/#breadcrumb"},"inLanguage":"fr-FR","potentialAction":[{"@type":"ReadAction","target":["https:\/\/euprevent.eu\/fr\/understanding-the-impact-of-social-relationships-on-mental-well-being-in-border-regions\/"]}]},{"@type":"ImageObject","inLanguage":"fr-FR","@id":"https:\/\/euprevent.eu\/fr\/understanding-the-impact-of-social-relationships-on-mental-well-being-in-border-regions\/#primaryimage","url":"https:\/\/euprevent.eu\/wp-content\/uploads\/2023\/09\/carousel.png","contentUrl":"https:\/\/euprevent.eu\/wp-content\/uploads\/2023\/09\/carousel.png","width":798,"height":687},{"@type":"BreadcrumbList","@id":"https:\/\/euprevent.eu\/fr\/understanding-the-impact-of-social-relationships-on-mental-well-being-in-border-regions\/#breadcrumb","itemListElement":[{"@type":"ListItem","position":1,"name":"Home","item":"https:\/\/euprevent.eu\/fr\/"},{"@type":"ListItem","position":2,"name":"Comprendre l&#8217;impact des relations sociales sur le bien-\u00eatre mental dans les r\u00e9gions frontali\u00e8res"}]},{"@type":"WebSite","@id":"https:\/\/euprevent.eu\/fr\/#website","url":"https:\/\/euprevent.eu\/fr\/","name":"euPrevent","description":"euPrevent is a Euroregional network that focuses on promoting health. Within this network, sustainable partnerships seek to increase the quality of life of residents in the border region between the Netherlands, Belgium and Germany.","potentialAction":[{"@type":"SearchAction","target":{"@type":"EntryPoint","urlTemplate":"https:\/\/euprevent.eu\/fr\/?s={search_term_string}"},"query-input":{"@type":"PropertyValueSpecification","valueRequired":true,"valueName":"search_term_string"}}],"inLanguage":"fr-FR"},{"@type":"Person","@id":"https:\/\/euprevent.eu\/fr\/#\/schema\/person\/c78f5e651f86d51d78976d2651a60b8b","name":"Communication euPrevent"}]}},"_links":{"self":[{"href":"https:\/\/euprevent.eu\/fr\/wp-json\/wp\/v2\/posts\/21835","targetHints":{"allow":["GET"]}}],"collection":[{"href":"https:\/\/euprevent.eu\/fr\/wp-json\/wp\/v2\/posts"}],"about":[{"href":"https:\/\/euprevent.eu\/fr\/wp-json\/wp\/v2\/types\/post"}],"author":[{"embeddable":true,"href":"https:\/\/euprevent.eu\/fr\/wp-json\/wp\/v2\/users\/3"}],"replies":[{"embeddable":true,"href":"https:\/\/euprevent.eu\/fr\/wp-json\/wp\/v2\/comments?post=21835"}],"version-history":[{"count":2,"href":"https:\/\/euprevent.eu\/fr\/wp-json\/wp\/v2\/posts\/21835\/revisions"}],"predecessor-version":[{"id":21839,"href":"https:\/\/euprevent.eu\/fr\/wp-json\/wp\/v2\/posts\/21835\/revisions\/21839"}],"wp:featuredmedia":[{"embeddable":true,"href":"https:\/\/euprevent.eu\/fr\/wp-json\/wp\/v2\/media\/21831"}],"wp:attachment":[{"href":"https:\/\/euprevent.eu\/fr\/wp-json\/wp\/v2\/media?parent=21835"}],"wp:term":[{"taxonomy":"category","embeddable":true,"href":"https:\/\/euprevent.eu\/fr\/wp-json\/wp\/v2\/categories?post=21835"},{"taxonomy":"post_tag","embeddable":true,"href":"https:\/\/euprevent.eu\/fr\/wp-json\/wp\/v2\/tags?post=21835"}],"curies":[{"name":"wp","href":"https:\/\/api.w.org\/{rel}","templated":true}]}}