


{"id":20465,"date":"2023-06-15T15:08:26","date_gmt":"2023-06-15T14:08:26","guid":{"rendered":"https:\/\/euprevent.eu\/?p=20465"},"modified":"2023-06-15T15:09:49","modified_gmt":"2023-06-15T14:09:49","slug":"conference-dactivite-euprevent-profile","status":"publish","type":"post","link":"https:\/\/euprevent.eu\/fr\/conference-dactivite-euprevent-profile\/","title":{"rendered":"Conf\u00e9rence d&rsquo;activit\u00e9 euPrevent PROFILE"},"content":{"rendered":"<p>Le projet euPrevent PROFILE, visant \u00e0 pr\u00e9venir la solitude dans l&rsquo;Euregio, est activement op\u00e9rationnel depuis deux ans. Le 1er juin 2023, le projet PROFILE a organis\u00e9 une conf\u00e9rence d&rsquo;activit\u00e9s qui a rassembl\u00e9 environ 170 participants de toute l&rsquo;Euregio Meuse-Rhin.<\/p>\n<p>Au cours de la conf\u00e9rence, Marja Veenstra, la coordinatrice du projet, a pr\u00e9sent\u00e9 plusieurs r\u00e9alisations importantes, notamment la promotion des \u00e9changes interg\u00e9n\u00e9rationnels et la compilation de revues de litt\u00e9rature et de donn\u00e9es sur la solitude. Elle a \u00e9galement fourni des informations pr\u00e9cieuses sur les applications de sant\u00e9 en ligne, les lignes directrices et les meilleures pratiques. En outre, Marja Veenstra a pr\u00e9sent\u00e9 le module de formation sur la solitude et la pi\u00e8ce de th\u00e9\u00e2tre, tous deux d\u00e9velopp\u00e9es dans le cadre du projet. Les participants ont eu l&rsquo;occasion de visionner certaines parties de ces produits, comme un extrait de film du module de formation et une introduction \u00e0 la pi\u00e8ce de th\u00e9\u00e2tre \u00ab\u00a0Starlight\u00a0\u00bb par son cr\u00e9ateur Luc Stevens, accompagn\u00e9e d&rsquo;une repr\u00e9sentation par le KBO Heerlen.<\/p>\n<p>Dans son discours d&rsquo;ouverture, Lise Switsers, de la Thomas More-Hogeschool, a soulign\u00e9 que la lutte contre la solitude est un probl\u00e8me qui dure toute la vie et qui s&rsquo;\u00e9tend bien au-del\u00e0 de la population \u00e2g\u00e9e. Le programme de la matin\u00e9e s&rsquo;est achev\u00e9 par un d\u00e9bat anim\u00e9 et international sur la solitude, auquel ont particip\u00e9 des repr\u00e9sentants de l&rsquo;ensemble de l&rsquo;EMR, \u00e0 savoir Thomas Hax-Schoppenhorst (Allemagne), Frans Verhey (Pays-Bas), Coraline Dubois (Wallonie) et Lise Switsers (Flandre), qui ont apport\u00e9 des \u00e9clairages sous diff\u00e9rents angles : politique, scientifique et pratique.<\/p>\n<p>Au cours de l&rsquo;apr\u00e8s-midi, 17 organisations de l&rsquo;ensemble de l&rsquo;EMR ont attir\u00e9 l&rsquo;attention du public avec des pr\u00e9sentations dynamiques et inspirantes sur leurs meilleures pratiques en mati\u00e8re de lutte contre la solitude. Ces initiatives ont \u00e9t\u00e9 pr\u00e9sent\u00e9es \u00e0 diff\u00e9rents groupes de participants.<\/p>\n<p>Les participants ont non seulement appris ce qu&rsquo;est la solitude chez les humains, mais ils ont \u00e9galement d\u00e9couvert son impact sur les animaux, comme l&rsquo;a d\u00e9montr\u00e9 de mani\u00e8re impressionnante une pr\u00e9sentation du zoo de GAIA. Le zoo a servi de toile de fond inspirante \u00e0 la conf\u00e9rence de ce jour.<\/p>\n<p>Enfin, Jo Paas a pr\u00e9sent\u00e9 les initiatives de la municipalit\u00e9 de Kerkrade pour lutter contre la solitude des personnes \u00e2g\u00e9es, incitant les participants \u00e0 appliquer les connaissances acquises lors de la conf\u00e9rence dans leur propre environnement.<\/p>\n<p>Ce rassemblement interg\u00e9n\u00e9rationnel a favoris\u00e9 des discussions anim\u00e9es entre un large \u00e9ventail de parties prenantes, stimulant ainsi leur engagement dans le domaine concern\u00e9. Le th\u00e8me de la conf\u00e9rence r\u00e9sonnait avec le message suivant : \u00ab\u00a0Lonely? Let\u2019s unite !\u00a0\u00bb<\/p>\n<div id=\"attachment_20449\" style=\"width: 1034px\" class=\"wp-caption alignleft\"><img decoding=\"async\" aria-describedby=\"caption-attachment-20449\" class=\"wp-image-20449 size-large\" src=\"https:\/\/euprevent.eu\/wp-content\/uploads\/2023\/06\/H4A3217A1-1024x683.jpg\" alt=\"\" width=\"1024\" height=\"683\" srcset=\"https:\/\/euprevent.eu\/wp-content\/uploads\/2023\/06\/H4A3217A1-1024x683.jpg 1024w, https:\/\/euprevent.eu\/wp-content\/uploads\/2023\/06\/H4A3217A1-300x200.jpg 300w, https:\/\/euprevent.eu\/wp-content\/uploads\/2023\/06\/H4A3217A1-768x512.jpg 768w, https:\/\/euprevent.eu\/wp-content\/uploads\/2023\/06\/H4A3217A1-1536x1024.jpg 1536w, https:\/\/euprevent.eu\/wp-content\/uploads\/2023\/06\/H4A3217A1-scaled.jpg 2048w\" sizes=\"(max-width: 1024px) 100vw, 1024px\" \/><p id=\"caption-attachment-20449\" class=\"wp-caption-text\">Un public attentif pour la partie pl\u00e9ni\u00e8re de la journ\u00e9e<\/p><\/div>\n<div id=\"attachment_20445\" style=\"width: 1034px\" class=\"wp-caption alignleft\"><img decoding=\"async\" aria-describedby=\"caption-attachment-20445\" class=\"wp-image-20445 size-large\" src=\"https:\/\/euprevent.eu\/wp-content\/uploads\/2023\/06\/H4A3390A1-1024x683.jpg\" alt=\"\" width=\"1024\" height=\"683\" srcset=\"https:\/\/euprevent.eu\/wp-content\/uploads\/2023\/06\/H4A3390A1-1024x683.jpg 1024w, https:\/\/euprevent.eu\/wp-content\/uploads\/2023\/06\/H4A3390A1-300x200.jpg 300w, https:\/\/euprevent.eu\/wp-content\/uploads\/2023\/06\/H4A3390A1-768x512.jpg 768w, https:\/\/euprevent.eu\/wp-content\/uploads\/2023\/06\/H4A3390A1-1536x1024.jpg 1536w, https:\/\/euprevent.eu\/wp-content\/uploads\/2023\/06\/H4A3390A1-scaled.jpg 2048w\" sizes=\"(max-width: 1024px) 100vw, 1024px\" \/><p id=\"caption-attachment-20445\" class=\"wp-caption-text\">L\u2019\u00e9quipe de travail du projet Interreg euPrevent PROFILE<\/p><\/div>\n<div id=\"attachment_20441\" style=\"width: 1034px\" class=\"wp-caption alignleft\"><img decoding=\"async\" aria-describedby=\"caption-attachment-20441\" class=\"wp-image-20441 size-large\" src=\"https:\/\/euprevent.eu\/wp-content\/uploads\/2023\/06\/H4A3201A1-1024x683.jpg\" alt=\"\" width=\"1024\" height=\"683\" srcset=\"https:\/\/euprevent.eu\/wp-content\/uploads\/2023\/06\/H4A3201A1-1024x683.jpg 1024w, https:\/\/euprevent.eu\/wp-content\/uploads\/2023\/06\/H4A3201A1-300x200.jpg 300w, https:\/\/euprevent.eu\/wp-content\/uploads\/2023\/06\/H4A3201A1-768x512.jpg 768w, https:\/\/euprevent.eu\/wp-content\/uploads\/2023\/06\/H4A3201A1-1536x1024.jpg 1536w, https:\/\/euprevent.eu\/wp-content\/uploads\/2023\/06\/H4A3201A1-scaled.jpg 2048w\" sizes=\"(max-width: 1024px) 100vw, 1024px\" \/><p id=\"caption-attachment-20441\" class=\"wp-caption-text\">Brigitte van der Zanden qui a anim\u00e9 la session pl\u00e9ni\u00e8re<\/p><\/div>\n<div id=\"attachment_20437\" style=\"width: 1034px\" class=\"wp-caption alignleft\"><img decoding=\"async\" aria-describedby=\"caption-attachment-20437\" class=\"wp-image-20437 size-large\" src=\"https:\/\/euprevent.eu\/wp-content\/uploads\/2023\/06\/H4A3151A1-1024x683.jpg\" alt=\"\" width=\"1024\" height=\"683\" srcset=\"https:\/\/euprevent.eu\/wp-content\/uploads\/2023\/06\/H4A3151A1-1024x683.jpg 1024w, https:\/\/euprevent.eu\/wp-content\/uploads\/2023\/06\/H4A3151A1-300x200.jpg 300w, https:\/\/euprevent.eu\/wp-content\/uploads\/2023\/06\/H4A3151A1-768x512.jpg 768w, https:\/\/euprevent.eu\/wp-content\/uploads\/2023\/06\/H4A3151A1-1536x1024.jpg 1536w, https:\/\/euprevent.eu\/wp-content\/uploads\/2023\/06\/H4A3151A1-scaled.jpg 2048w\" sizes=\"(max-width: 1024px) 100vw, 1024px\" \/><p id=\"caption-attachment-20437\" class=\"wp-caption-text\">Un extrait de la pi\u00e8ce de th\u00e9\u00e2tre \u00ab\u00a0Starlight\u00a0\u00bb<\/p><\/div>\n","protected":false},"excerpt":{"rendered":"<p>Le projet euPrevent PROFILE, visant \u00e0 pr\u00e9venir la solitude dans l&rsquo;Euregio, est activement op\u00e9rationnel depuis deux ans. Le 1er juin 2023, le projet PROFILE a organis\u00e9 une conf\u00e9rence d&rsquo;activit\u00e9s qui a rassembl\u00e9 environ 170 participants de toute l&rsquo;Euregio Meuse-Rhin. Au cours de la conf\u00e9rence, Marja Veenstra, la coordinatrice du projet, a pr\u00e9sent\u00e9 plusieurs r\u00e9alisations importantes, [&hellip;]<\/p>\n","protected":false},"author":3,"featured_media":20435,"comment_status":"closed","ping_status":"closed","sticky":false,"template":"","format":"standard","meta":{"_acf_changed":false,"footnotes":""},"categories":[24],"tags":[],"class_list":["post-20465","post","type-post","status-publish","format-standard","has-post-thumbnail","hentry","category-non-classifiee","programmes-mental-health","projects-project-profile"],"acf":[],"yoast_head":"<!-- This site is optimized with the Yoast SEO plugin v27.5 - https:\/\/yoast.com\/product\/yoast-seo-wordpress\/ -->\n<title>Conf\u00e9rence d&#039;activit\u00e9 euPrevent PROFILE - euPrevent<\/title>\n<meta name=\"robots\" content=\"index, follow, max-snippet:-1, max-image-preview:large, max-video-preview:-1\" \/>\n<link rel=\"canonical\" href=\"https:\/\/euprevent.eu\/fr\/conference-dactivite-euprevent-profile\/\" \/>\n<meta property=\"og:locale\" content=\"fr_FR\" \/>\n<meta property=\"og:type\" content=\"article\" \/>\n<meta property=\"og:title\" content=\"Conf\u00e9rence d&#039;activit\u00e9 euPrevent PROFILE - euPrevent\" \/>\n<meta property=\"og:description\" content=\"Le projet euPrevent PROFILE, visant \u00e0 pr\u00e9venir la solitude dans l&rsquo;Euregio, est activement op\u00e9rationnel depuis deux ans. Le 1er juin 2023, le projet PROFILE a organis\u00e9 une conf\u00e9rence d&rsquo;activit\u00e9s qui a rassembl\u00e9 environ 170 participants de toute l&rsquo;Euregio Meuse-Rhin. Au cours de la conf\u00e9rence, Marja Veenstra, la coordinatrice du projet, a pr\u00e9sent\u00e9 plusieurs r\u00e9alisations importantes, [&hellip;]\" \/>\n<meta property=\"og:url\" content=\"https:\/\/euprevent.eu\/fr\/conference-dactivite-euprevent-profile\/\" \/>\n<meta property=\"og:site_name\" content=\"euPrevent\" \/>\n<meta property=\"article:published_time\" content=\"2023-06-15T14:08:26+00:00\" \/>\n<meta property=\"article:modified_time\" content=\"2023-06-15T14:09:49+00:00\" \/>\n<meta property=\"og:image\" content=\"https:\/\/euprevent.eu\/wp-content\/uploads\/2023\/06\/H4A3217A1-1024x683.jpg\" \/>\n<meta name=\"author\" content=\"Communication euPrevent\" \/>\n<meta name=\"twitter:card\" content=\"summary_large_image\" \/>\n<meta name=\"twitter:label1\" content=\"\u00c9crit par\" \/>\n\t<meta name=\"twitter:data1\" content=\"Communication euPrevent\" \/>\n\t<meta name=\"twitter:label2\" content=\"Dur\u00e9e de lecture estim\u00e9e\" \/>\n\t<meta name=\"twitter:data2\" content=\"3 minutes\" \/>\n<script type=\"application\/ld+json\" class=\"yoast-schema-graph\">{\"@context\":\"https:\\\/\\\/schema.org\",\"@graph\":[{\"@type\":\"Article\",\"@id\":\"https:\\\/\\\/euprevent.eu\\\/fr\\\/conference-dactivite-euprevent-profile\\\/#article\",\"isPartOf\":{\"@id\":\"https:\\\/\\\/euprevent.eu\\\/fr\\\/conference-dactivite-euprevent-profile\\\/\"},\"author\":{\"name\":\"Communication euPrevent\",\"@id\":\"https:\\\/\\\/euprevent.eu\\\/fr\\\/#\\\/schema\\\/person\\\/c78f5e651f86d51d78976d2651a60b8b\"},\"headline\":\"Conf\u00e9rence d&rsquo;activit\u00e9 euPrevent PROFILE\",\"datePublished\":\"2023-06-15T14:08:26+00:00\",\"dateModified\":\"2023-06-15T14:09:49+00:00\",\"mainEntityOfPage\":{\"@id\":\"https:\\\/\\\/euprevent.eu\\\/fr\\\/conference-dactivite-euprevent-profile\\\/\"},\"wordCount\":532,\"image\":{\"@id\":\"https:\\\/\\\/euprevent.eu\\\/fr\\\/conference-dactivite-euprevent-profile\\\/#primaryimage\"},\"thumbnailUrl\":\"https:\\\/\\\/euprevent.eu\\\/wp-content\\\/uploads\\\/2023\\\/06\\\/H4A3471A1-scaled.jpg\",\"articleSection\":[\"Non classifi\u00e9(e)\"],\"inLanguage\":\"fr-FR\"},{\"@type\":\"WebPage\",\"@id\":\"https:\\\/\\\/euprevent.eu\\\/fr\\\/conference-dactivite-euprevent-profile\\\/\",\"url\":\"https:\\\/\\\/euprevent.eu\\\/fr\\\/conference-dactivite-euprevent-profile\\\/\",\"name\":\"Conf\u00e9rence d'activit\u00e9 euPrevent PROFILE - euPrevent\",\"isPartOf\":{\"@id\":\"https:\\\/\\\/euprevent.eu\\\/fr\\\/#website\"},\"primaryImageOfPage\":{\"@id\":\"https:\\\/\\\/euprevent.eu\\\/fr\\\/conference-dactivite-euprevent-profile\\\/#primaryimage\"},\"image\":{\"@id\":\"https:\\\/\\\/euprevent.eu\\\/fr\\\/conference-dactivite-euprevent-profile\\\/#primaryimage\"},\"thumbnailUrl\":\"https:\\\/\\\/euprevent.eu\\\/wp-content\\\/uploads\\\/2023\\\/06\\\/H4A3471A1-scaled.jpg\",\"datePublished\":\"2023-06-15T14:08:26+00:00\",\"dateModified\":\"2023-06-15T14:09:49+00:00\",\"author\":{\"@id\":\"https:\\\/\\\/euprevent.eu\\\/fr\\\/#\\\/schema\\\/person\\\/c78f5e651f86d51d78976d2651a60b8b\"},\"breadcrumb\":{\"@id\":\"https:\\\/\\\/euprevent.eu\\\/fr\\\/conference-dactivite-euprevent-profile\\\/#breadcrumb\"},\"inLanguage\":\"fr-FR\",\"potentialAction\":[{\"@type\":\"ReadAction\",\"target\":[\"https:\\\/\\\/euprevent.eu\\\/fr\\\/conference-dactivite-euprevent-profile\\\/\"]}]},{\"@type\":\"ImageObject\",\"inLanguage\":\"fr-FR\",\"@id\":\"https:\\\/\\\/euprevent.eu\\\/fr\\\/conference-dactivite-euprevent-profile\\\/#primaryimage\",\"url\":\"https:\\\/\\\/euprevent.eu\\\/wp-content\\\/uploads\\\/2023\\\/06\\\/H4A3471A1-scaled.jpg\",\"contentUrl\":\"https:\\\/\\\/euprevent.eu\\\/wp-content\\\/uploads\\\/2023\\\/06\\\/H4A3471A1-scaled.jpg\",\"width\":2048,\"height\":1366},{\"@type\":\"BreadcrumbList\",\"@id\":\"https:\\\/\\\/euprevent.eu\\\/fr\\\/conference-dactivite-euprevent-profile\\\/#breadcrumb\",\"itemListElement\":[{\"@type\":\"ListItem\",\"position\":1,\"name\":\"Home\",\"item\":\"https:\\\/\\\/euprevent.eu\\\/fr\\\/\"},{\"@type\":\"ListItem\",\"position\":2,\"name\":\"Conf\u00e9rence d&rsquo;activit\u00e9 euPrevent PROFILE\"}]},{\"@type\":\"WebSite\",\"@id\":\"https:\\\/\\\/euprevent.eu\\\/fr\\\/#website\",\"url\":\"https:\\\/\\\/euprevent.eu\\\/fr\\\/\",\"name\":\"euPrevent\",\"description\":\"euPrevent is a Euroregional network that focuses on promoting health. Within this network, sustainable partnerships seek to increase the quality of life of residents in the border region between the Netherlands, Belgium and Germany.\",\"potentialAction\":[{\"@type\":\"SearchAction\",\"target\":{\"@type\":\"EntryPoint\",\"urlTemplate\":\"https:\\\/\\\/euprevent.eu\\\/fr\\\/?s={search_term_string}\"},\"query-input\":{\"@type\":\"PropertyValueSpecification\",\"valueRequired\":true,\"valueName\":\"search_term_string\"}}],\"inLanguage\":\"fr-FR\"},{\"@type\":\"Person\",\"@id\":\"https:\\\/\\\/euprevent.eu\\\/fr\\\/#\\\/schema\\\/person\\\/c78f5e651f86d51d78976d2651a60b8b\",\"name\":\"Communication euPrevent\"}]}<\/script>\n<!-- \/ Yoast SEO plugin. -->","yoast_head_json":{"title":"Conf\u00e9rence d'activit\u00e9 euPrevent PROFILE - euPrevent","robots":{"index":"index","follow":"follow","max-snippet":"max-snippet:-1","max-image-preview":"max-image-preview:large","max-video-preview":"max-video-preview:-1"},"canonical":"https:\/\/euprevent.eu\/fr\/conference-dactivite-euprevent-profile\/","og_locale":"fr_FR","og_type":"article","og_title":"Conf\u00e9rence d'activit\u00e9 euPrevent PROFILE - euPrevent","og_description":"Le projet euPrevent PROFILE, visant \u00e0 pr\u00e9venir la solitude dans l&rsquo;Euregio, est activement op\u00e9rationnel depuis deux ans. Le 1er juin 2023, le projet PROFILE a organis\u00e9 une conf\u00e9rence d&rsquo;activit\u00e9s qui a rassembl\u00e9 environ 170 participants de toute l&rsquo;Euregio Meuse-Rhin. Au cours de la conf\u00e9rence, Marja Veenstra, la coordinatrice du projet, a pr\u00e9sent\u00e9 plusieurs r\u00e9alisations importantes, [&hellip;]","og_url":"https:\/\/euprevent.eu\/fr\/conference-dactivite-euprevent-profile\/","og_site_name":"euPrevent","article_published_time":"2023-06-15T14:08:26+00:00","article_modified_time":"2023-06-15T14:09:49+00:00","og_image":[{"url":"https:\/\/euprevent.eu\/wp-content\/uploads\/2023\/06\/H4A3217A1-1024x683.jpg","type":"","width":"","height":""}],"author":"Communication euPrevent","twitter_card":"summary_large_image","twitter_misc":{"\u00c9crit par":"Communication euPrevent","Dur\u00e9e de lecture estim\u00e9e":"3 minutes"},"schema":{"@context":"https:\/\/schema.org","@graph":[{"@type":"Article","@id":"https:\/\/euprevent.eu\/fr\/conference-dactivite-euprevent-profile\/#article","isPartOf":{"@id":"https:\/\/euprevent.eu\/fr\/conference-dactivite-euprevent-profile\/"},"author":{"name":"Communication euPrevent","@id":"https:\/\/euprevent.eu\/fr\/#\/schema\/person\/c78f5e651f86d51d78976d2651a60b8b"},"headline":"Conf\u00e9rence d&rsquo;activit\u00e9 euPrevent PROFILE","datePublished":"2023-06-15T14:08:26+00:00","dateModified":"2023-06-15T14:09:49+00:00","mainEntityOfPage":{"@id":"https:\/\/euprevent.eu\/fr\/conference-dactivite-euprevent-profile\/"},"wordCount":532,"image":{"@id":"https:\/\/euprevent.eu\/fr\/conference-dactivite-euprevent-profile\/#primaryimage"},"thumbnailUrl":"https:\/\/euprevent.eu\/wp-content\/uploads\/2023\/06\/H4A3471A1-scaled.jpg","articleSection":["Non classifi\u00e9(e)"],"inLanguage":"fr-FR"},{"@type":"WebPage","@id":"https:\/\/euprevent.eu\/fr\/conference-dactivite-euprevent-profile\/","url":"https:\/\/euprevent.eu\/fr\/conference-dactivite-euprevent-profile\/","name":"Conf\u00e9rence d'activit\u00e9 euPrevent PROFILE - euPrevent","isPartOf":{"@id":"https:\/\/euprevent.eu\/fr\/#website"},"primaryImageOfPage":{"@id":"https:\/\/euprevent.eu\/fr\/conference-dactivite-euprevent-profile\/#primaryimage"},"image":{"@id":"https:\/\/euprevent.eu\/fr\/conference-dactivite-euprevent-profile\/#primaryimage"},"thumbnailUrl":"https:\/\/euprevent.eu\/wp-content\/uploads\/2023\/06\/H4A3471A1-scaled.jpg","datePublished":"2023-06-15T14:08:26+00:00","dateModified":"2023-06-15T14:09:49+00:00","author":{"@id":"https:\/\/euprevent.eu\/fr\/#\/schema\/person\/c78f5e651f86d51d78976d2651a60b8b"},"breadcrumb":{"@id":"https:\/\/euprevent.eu\/fr\/conference-dactivite-euprevent-profile\/#breadcrumb"},"inLanguage":"fr-FR","potentialAction":[{"@type":"ReadAction","target":["https:\/\/euprevent.eu\/fr\/conference-dactivite-euprevent-profile\/"]}]},{"@type":"ImageObject","inLanguage":"fr-FR","@id":"https:\/\/euprevent.eu\/fr\/conference-dactivite-euprevent-profile\/#primaryimage","url":"https:\/\/euprevent.eu\/wp-content\/uploads\/2023\/06\/H4A3471A1-scaled.jpg","contentUrl":"https:\/\/euprevent.eu\/wp-content\/uploads\/2023\/06\/H4A3471A1-scaled.jpg","width":2048,"height":1366},{"@type":"BreadcrumbList","@id":"https:\/\/euprevent.eu\/fr\/conference-dactivite-euprevent-profile\/#breadcrumb","itemListElement":[{"@type":"ListItem","position":1,"name":"Home","item":"https:\/\/euprevent.eu\/fr\/"},{"@type":"ListItem","position":2,"name":"Conf\u00e9rence d&rsquo;activit\u00e9 euPrevent PROFILE"}]},{"@type":"WebSite","@id":"https:\/\/euprevent.eu\/fr\/#website","url":"https:\/\/euprevent.eu\/fr\/","name":"euPrevent","description":"euPrevent is a Euroregional network that focuses on promoting health. Within this network, sustainable partnerships seek to increase the quality of life of residents in the border region between the Netherlands, Belgium and Germany.","potentialAction":[{"@type":"SearchAction","target":{"@type":"EntryPoint","urlTemplate":"https:\/\/euprevent.eu\/fr\/?s={search_term_string}"},"query-input":{"@type":"PropertyValueSpecification","valueRequired":true,"valueName":"search_term_string"}}],"inLanguage":"fr-FR"},{"@type":"Person","@id":"https:\/\/euprevent.eu\/fr\/#\/schema\/person\/c78f5e651f86d51d78976d2651a60b8b","name":"Communication euPrevent"}]}},"_links":{"self":[{"href":"https:\/\/euprevent.eu\/fr\/wp-json\/wp\/v2\/posts\/20465","targetHints":{"allow":["GET"]}}],"collection":[{"href":"https:\/\/euprevent.eu\/fr\/wp-json\/wp\/v2\/posts"}],"about":[{"href":"https:\/\/euprevent.eu\/fr\/wp-json\/wp\/v2\/types\/post"}],"author":[{"embeddable":true,"href":"https:\/\/euprevent.eu\/fr\/wp-json\/wp\/v2\/users\/3"}],"replies":[{"embeddable":true,"href":"https:\/\/euprevent.eu\/fr\/wp-json\/wp\/v2\/comments?post=20465"}],"version-history":[{"count":3,"href":"https:\/\/euprevent.eu\/fr\/wp-json\/wp\/v2\/posts\/20465\/revisions"}],"predecessor-version":[{"id":20469,"href":"https:\/\/euprevent.eu\/fr\/wp-json\/wp\/v2\/posts\/20465\/revisions\/20469"}],"wp:featuredmedia":[{"embeddable":true,"href":"https:\/\/euprevent.eu\/fr\/wp-json\/wp\/v2\/media\/20435"}],"wp:attachment":[{"href":"https:\/\/euprevent.eu\/fr\/wp-json\/wp\/v2\/media?parent=20465"}],"wp:term":[{"taxonomy":"category","embeddable":true,"href":"https:\/\/euprevent.eu\/fr\/wp-json\/wp\/v2\/categories?post=20465"},{"taxonomy":"post_tag","embeddable":true,"href":"https:\/\/euprevent.eu\/fr\/wp-json\/wp\/v2\/tags?post=20465"}],"curies":[{"name":"wp","href":"https:\/\/api.w.org\/{rel}","templated":true}]}}