


{"id":18435,"date":"2022-08-03T15:18:01","date_gmt":"2022-08-03T14:18:01","guid":{"rendered":"https:\/\/euprevent.eu\/?p=18435"},"modified":"2022-08-03T15:18:01","modified_gmt":"2022-08-03T14:18:01","slug":"euprevent-profile-presente-par-loms","status":"publish","type":"post","link":"https:\/\/euprevent.eu\/fr\/euprevent-profile-presente-par-loms\/","title":{"rendered":"euPrevent PROFILE : Pr\u00e9sent\u00e9 par l&rsquo;OMS"},"content":{"rendered":"<p>Nous sommes fiers d&rsquo;annoncer que notre projet euPrevent PROFILE est pr\u00e9sent\u00e9 par le R\u00e9seau des r\u00e9gions pour la sant\u00e9 (RHN) de l&rsquo;OMS comme un exemple de lutte transfrontali\u00e8re contre la solitude des personnes \u00e2g\u00e9es.<\/p>\n<p>L&rsquo;article donne un bon aper\u00e7u des activit\u00e9s et des objectifs de notre projet. Nous vous invitons \u00e0 le consulter <a href=\"https:\/\/www.who.int\/germany\/news\/item\/20-06-2022-fighting-loneliness-through-community-involvement-in-the-meuse-rhine-euroregion\">ici.<\/a><\/p>\n<p>L&rsquo;Euregio Meuse-Rhin fait partie du RHN de l&rsquo;OMS, qui vise \u00e0 identifier et \u00e0 diffuser des approches, des politiques et des strat\u00e9gies efficaces qui am\u00e9liorent la sant\u00e9 de la population au niveau de l\u2019administration r\u00e9gionale.<\/p>\n","protected":false},"excerpt":{"rendered":"<p>Nous sommes fiers d&rsquo;annoncer que notre projet euPrevent PROFILE est pr\u00e9sent\u00e9 par le R\u00e9seau des r\u00e9gions pour la sant\u00e9 (RHN) de l&rsquo;OMS comme un exemple de lutte transfrontali\u00e8re contre la solitude des personnes \u00e2g\u00e9es. L&rsquo;article donne un bon aper\u00e7u des activit\u00e9s et des objectifs de notre projet. Nous vous invitons \u00e0 le consulter ici. L&rsquo;Euregio [&hellip;]<\/p>\n","protected":false},"author":3,"featured_media":18113,"comment_status":"closed","ping_status":"closed","sticky":false,"template":"","format":"standard","meta":{"_acf_changed":false,"footnotes":""},"categories":[24],"tags":[],"class_list":["post-18435","post","type-post","status-publish","format-standard","has-post-thumbnail","hentry","category-non-classifiee","programmes-mental-health","projects-project-profile"],"acf":[],"yoast_head":"<!-- This site is optimized with the Yoast SEO plugin v27.5 - https:\/\/yoast.com\/product\/yoast-seo-wordpress\/ -->\n<title>euPrevent PROFILE : Pr\u00e9sent\u00e9 par l&#039;OMS<\/title>\n<meta name=\"description\" content=\"Nous sommes fiers d&#039;annoncer que notre projet euPrevent PROFILE est pr\u00e9sent\u00e9 par le R\u00e9seau des r\u00e9gions pour la sant\u00e9 (RHN) de l&#039;OMS comme un exemple de lutte transfrontali\u00e8re contre la solitude des personnes \u00e2g\u00e9es.\" \/>\n<meta name=\"robots\" content=\"index, follow, max-snippet:-1, max-image-preview:large, max-video-preview:-1\" \/>\n<link rel=\"canonical\" href=\"https:\/\/euprevent.eu\/fr\/euprevent-profile-presente-par-loms\/\" \/>\n<meta property=\"og:locale\" content=\"fr_FR\" \/>\n<meta property=\"og:type\" content=\"article\" \/>\n<meta property=\"og:title\" content=\"euPrevent PROFILE : Pr\u00e9sent\u00e9 par l&#039;OMS\" \/>\n<meta property=\"og:description\" content=\"Nous sommes fiers d&#039;annoncer que notre projet euPrevent PROFILE est pr\u00e9sent\u00e9 par le R\u00e9seau des r\u00e9gions pour la sant\u00e9 (RHN) de l&#039;OMS comme un exemple de lutte transfrontali\u00e8re contre la solitude des personnes \u00e2g\u00e9es.\" \/>\n<meta property=\"og:url\" content=\"https:\/\/euprevent.eu\/fr\/euprevent-profile-presente-par-loms\/\" \/>\n<meta property=\"og:site_name\" content=\"euPrevent\" \/>\n<meta property=\"article:published_time\" content=\"2022-08-03T14:18:01+00:00\" \/>\n<meta property=\"og:image\" content=\"https:\/\/euprevent.eu\/wp-content\/uploads\/2022\/04\/euPrevent-PROFILE-Projectafbeelding-1.jpg\" \/>\n\t<meta property=\"og:image:width\" content=\"1044\" \/>\n\t<meta property=\"og:image:height\" content=\"453\" \/>\n\t<meta property=\"og:image:type\" content=\"image\/jpeg\" \/>\n<meta name=\"author\" content=\"Communication euPrevent\" \/>\n<meta name=\"twitter:card\" content=\"summary_large_image\" \/>\n<meta name=\"twitter:label1\" content=\"\u00c9crit par\" \/>\n\t<meta name=\"twitter:data1\" content=\"Communication euPrevent\" \/>\n\t<meta name=\"twitter:label2\" content=\"Dur\u00e9e de lecture estim\u00e9e\" \/>\n\t<meta name=\"twitter:data2\" content=\"1 minute\" \/>\n<script type=\"application\/ld+json\" class=\"yoast-schema-graph\">{\"@context\":\"https:\\\/\\\/schema.org\",\"@graph\":[{\"@type\":\"Article\",\"@id\":\"https:\\\/\\\/euprevent.eu\\\/fr\\\/euprevent-profile-presente-par-loms\\\/#article\",\"isPartOf\":{\"@id\":\"https:\\\/\\\/euprevent.eu\\\/fr\\\/euprevent-profile-presente-par-loms\\\/\"},\"author\":{\"name\":\"Communication euPrevent\",\"@id\":\"https:\\\/\\\/euprevent.eu\\\/fr\\\/#\\\/schema\\\/person\\\/c78f5e651f86d51d78976d2651a60b8b\"},\"headline\":\"euPrevent PROFILE : Pr\u00e9sent\u00e9 par l&rsquo;OMS\",\"datePublished\":\"2022-08-03T14:18:01+00:00\",\"mainEntityOfPage\":{\"@id\":\"https:\\\/\\\/euprevent.eu\\\/fr\\\/euprevent-profile-presente-par-loms\\\/\"},\"wordCount\":103,\"image\":{\"@id\":\"https:\\\/\\\/euprevent.eu\\\/fr\\\/euprevent-profile-presente-par-loms\\\/#primaryimage\"},\"thumbnailUrl\":\"https:\\\/\\\/euprevent.eu\\\/wp-content\\\/uploads\\\/2022\\\/04\\\/euPrevent-PROFILE-Projectafbeelding-1.jpg\",\"articleSection\":[\"Non classifi\u00e9(e)\"],\"inLanguage\":\"fr-FR\"},{\"@type\":\"WebPage\",\"@id\":\"https:\\\/\\\/euprevent.eu\\\/fr\\\/euprevent-profile-presente-par-loms\\\/\",\"url\":\"https:\\\/\\\/euprevent.eu\\\/fr\\\/euprevent-profile-presente-par-loms\\\/\",\"name\":\"euPrevent PROFILE : Pr\u00e9sent\u00e9 par l'OMS\",\"isPartOf\":{\"@id\":\"https:\\\/\\\/euprevent.eu\\\/fr\\\/#website\"},\"primaryImageOfPage\":{\"@id\":\"https:\\\/\\\/euprevent.eu\\\/fr\\\/euprevent-profile-presente-par-loms\\\/#primaryimage\"},\"image\":{\"@id\":\"https:\\\/\\\/euprevent.eu\\\/fr\\\/euprevent-profile-presente-par-loms\\\/#primaryimage\"},\"thumbnailUrl\":\"https:\\\/\\\/euprevent.eu\\\/wp-content\\\/uploads\\\/2022\\\/04\\\/euPrevent-PROFILE-Projectafbeelding-1.jpg\",\"datePublished\":\"2022-08-03T14:18:01+00:00\",\"author\":{\"@id\":\"https:\\\/\\\/euprevent.eu\\\/fr\\\/#\\\/schema\\\/person\\\/c78f5e651f86d51d78976d2651a60b8b\"},\"description\":\"Nous sommes fiers d'annoncer que notre projet euPrevent PROFILE est pr\u00e9sent\u00e9 par le R\u00e9seau des r\u00e9gions pour la sant\u00e9 (RHN) de l'OMS comme un exemple de lutte transfrontali\u00e8re contre la solitude des personnes \u00e2g\u00e9es.\",\"breadcrumb\":{\"@id\":\"https:\\\/\\\/euprevent.eu\\\/fr\\\/euprevent-profile-presente-par-loms\\\/#breadcrumb\"},\"inLanguage\":\"fr-FR\",\"potentialAction\":[{\"@type\":\"ReadAction\",\"target\":[\"https:\\\/\\\/euprevent.eu\\\/fr\\\/euprevent-profile-presente-par-loms\\\/\"]}]},{\"@type\":\"ImageObject\",\"inLanguage\":\"fr-FR\",\"@id\":\"https:\\\/\\\/euprevent.eu\\\/fr\\\/euprevent-profile-presente-par-loms\\\/#primaryimage\",\"url\":\"https:\\\/\\\/euprevent.eu\\\/wp-content\\\/uploads\\\/2022\\\/04\\\/euPrevent-PROFILE-Projectafbeelding-1.jpg\",\"contentUrl\":\"https:\\\/\\\/euprevent.eu\\\/wp-content\\\/uploads\\\/2022\\\/04\\\/euPrevent-PROFILE-Projectafbeelding-1.jpg\",\"width\":1044,\"height\":453},{\"@type\":\"BreadcrumbList\",\"@id\":\"https:\\\/\\\/euprevent.eu\\\/fr\\\/euprevent-profile-presente-par-loms\\\/#breadcrumb\",\"itemListElement\":[{\"@type\":\"ListItem\",\"position\":1,\"name\":\"Home\",\"item\":\"https:\\\/\\\/euprevent.eu\\\/fr\\\/\"},{\"@type\":\"ListItem\",\"position\":2,\"name\":\"euPrevent PROFILE : Pr\u00e9sent\u00e9 par l&#8217;OMS\"}]},{\"@type\":\"WebSite\",\"@id\":\"https:\\\/\\\/euprevent.eu\\\/fr\\\/#website\",\"url\":\"https:\\\/\\\/euprevent.eu\\\/fr\\\/\",\"name\":\"euPrevent\",\"description\":\"euPrevent is a Euroregional network that focuses on promoting health. Within this network, sustainable partnerships seek to increase the quality of life of residents in the border region between the Netherlands, Belgium and Germany.\",\"potentialAction\":[{\"@type\":\"SearchAction\",\"target\":{\"@type\":\"EntryPoint\",\"urlTemplate\":\"https:\\\/\\\/euprevent.eu\\\/fr\\\/?s={search_term_string}\"},\"query-input\":{\"@type\":\"PropertyValueSpecification\",\"valueRequired\":true,\"valueName\":\"search_term_string\"}}],\"inLanguage\":\"fr-FR\"},{\"@type\":\"Person\",\"@id\":\"https:\\\/\\\/euprevent.eu\\\/fr\\\/#\\\/schema\\\/person\\\/c78f5e651f86d51d78976d2651a60b8b\",\"name\":\"Communication euPrevent\"}]}<\/script>\n<!-- \/ Yoast SEO plugin. -->","yoast_head_json":{"title":"euPrevent PROFILE : Pr\u00e9sent\u00e9 par l'OMS","description":"Nous sommes fiers d'annoncer que notre projet euPrevent PROFILE est pr\u00e9sent\u00e9 par le R\u00e9seau des r\u00e9gions pour la sant\u00e9 (RHN) de l'OMS comme un exemple de lutte transfrontali\u00e8re contre la solitude des personnes \u00e2g\u00e9es.","robots":{"index":"index","follow":"follow","max-snippet":"max-snippet:-1","max-image-preview":"max-image-preview:large","max-video-preview":"max-video-preview:-1"},"canonical":"https:\/\/euprevent.eu\/fr\/euprevent-profile-presente-par-loms\/","og_locale":"fr_FR","og_type":"article","og_title":"euPrevent PROFILE : Pr\u00e9sent\u00e9 par l'OMS","og_description":"Nous sommes fiers d'annoncer que notre projet euPrevent PROFILE est pr\u00e9sent\u00e9 par le R\u00e9seau des r\u00e9gions pour la sant\u00e9 (RHN) de l'OMS comme un exemple de lutte transfrontali\u00e8re contre la solitude des personnes \u00e2g\u00e9es.","og_url":"https:\/\/euprevent.eu\/fr\/euprevent-profile-presente-par-loms\/","og_site_name":"euPrevent","article_published_time":"2022-08-03T14:18:01+00:00","og_image":[{"width":1044,"height":453,"url":"https:\/\/euprevent.eu\/wp-content\/uploads\/2022\/04\/euPrevent-PROFILE-Projectafbeelding-1.jpg","type":"image\/jpeg"}],"author":"Communication euPrevent","twitter_card":"summary_large_image","twitter_misc":{"\u00c9crit par":"Communication euPrevent","Dur\u00e9e de lecture estim\u00e9e":"1 minute"},"schema":{"@context":"https:\/\/schema.org","@graph":[{"@type":"Article","@id":"https:\/\/euprevent.eu\/fr\/euprevent-profile-presente-par-loms\/#article","isPartOf":{"@id":"https:\/\/euprevent.eu\/fr\/euprevent-profile-presente-par-loms\/"},"author":{"name":"Communication euPrevent","@id":"https:\/\/euprevent.eu\/fr\/#\/schema\/person\/c78f5e651f86d51d78976d2651a60b8b"},"headline":"euPrevent PROFILE : Pr\u00e9sent\u00e9 par l&rsquo;OMS","datePublished":"2022-08-03T14:18:01+00:00","mainEntityOfPage":{"@id":"https:\/\/euprevent.eu\/fr\/euprevent-profile-presente-par-loms\/"},"wordCount":103,"image":{"@id":"https:\/\/euprevent.eu\/fr\/euprevent-profile-presente-par-loms\/#primaryimage"},"thumbnailUrl":"https:\/\/euprevent.eu\/wp-content\/uploads\/2022\/04\/euPrevent-PROFILE-Projectafbeelding-1.jpg","articleSection":["Non classifi\u00e9(e)"],"inLanguage":"fr-FR"},{"@type":"WebPage","@id":"https:\/\/euprevent.eu\/fr\/euprevent-profile-presente-par-loms\/","url":"https:\/\/euprevent.eu\/fr\/euprevent-profile-presente-par-loms\/","name":"euPrevent PROFILE : Pr\u00e9sent\u00e9 par l'OMS","isPartOf":{"@id":"https:\/\/euprevent.eu\/fr\/#website"},"primaryImageOfPage":{"@id":"https:\/\/euprevent.eu\/fr\/euprevent-profile-presente-par-loms\/#primaryimage"},"image":{"@id":"https:\/\/euprevent.eu\/fr\/euprevent-profile-presente-par-loms\/#primaryimage"},"thumbnailUrl":"https:\/\/euprevent.eu\/wp-content\/uploads\/2022\/04\/euPrevent-PROFILE-Projectafbeelding-1.jpg","datePublished":"2022-08-03T14:18:01+00:00","author":{"@id":"https:\/\/euprevent.eu\/fr\/#\/schema\/person\/c78f5e651f86d51d78976d2651a60b8b"},"description":"Nous sommes fiers d'annoncer que notre projet euPrevent PROFILE est pr\u00e9sent\u00e9 par le R\u00e9seau des r\u00e9gions pour la sant\u00e9 (RHN) de l'OMS comme un exemple de lutte transfrontali\u00e8re contre la solitude des personnes \u00e2g\u00e9es.","breadcrumb":{"@id":"https:\/\/euprevent.eu\/fr\/euprevent-profile-presente-par-loms\/#breadcrumb"},"inLanguage":"fr-FR","potentialAction":[{"@type":"ReadAction","target":["https:\/\/euprevent.eu\/fr\/euprevent-profile-presente-par-loms\/"]}]},{"@type":"ImageObject","inLanguage":"fr-FR","@id":"https:\/\/euprevent.eu\/fr\/euprevent-profile-presente-par-loms\/#primaryimage","url":"https:\/\/euprevent.eu\/wp-content\/uploads\/2022\/04\/euPrevent-PROFILE-Projectafbeelding-1.jpg","contentUrl":"https:\/\/euprevent.eu\/wp-content\/uploads\/2022\/04\/euPrevent-PROFILE-Projectafbeelding-1.jpg","width":1044,"height":453},{"@type":"BreadcrumbList","@id":"https:\/\/euprevent.eu\/fr\/euprevent-profile-presente-par-loms\/#breadcrumb","itemListElement":[{"@type":"ListItem","position":1,"name":"Home","item":"https:\/\/euprevent.eu\/fr\/"},{"@type":"ListItem","position":2,"name":"euPrevent PROFILE : Pr\u00e9sent\u00e9 par l&#8217;OMS"}]},{"@type":"WebSite","@id":"https:\/\/euprevent.eu\/fr\/#website","url":"https:\/\/euprevent.eu\/fr\/","name":"euPrevent","description":"euPrevent is a Euroregional network that focuses on promoting health. Within this network, sustainable partnerships seek to increase the quality of life of residents in the border region between the Netherlands, Belgium and Germany.","potentialAction":[{"@type":"SearchAction","target":{"@type":"EntryPoint","urlTemplate":"https:\/\/euprevent.eu\/fr\/?s={search_term_string}"},"query-input":{"@type":"PropertyValueSpecification","valueRequired":true,"valueName":"search_term_string"}}],"inLanguage":"fr-FR"},{"@type":"Person","@id":"https:\/\/euprevent.eu\/fr\/#\/schema\/person\/c78f5e651f86d51d78976d2651a60b8b","name":"Communication euPrevent"}]}},"_links":{"self":[{"href":"https:\/\/euprevent.eu\/fr\/wp-json\/wp\/v2\/posts\/18435","targetHints":{"allow":["GET"]}}],"collection":[{"href":"https:\/\/euprevent.eu\/fr\/wp-json\/wp\/v2\/posts"}],"about":[{"href":"https:\/\/euprevent.eu\/fr\/wp-json\/wp\/v2\/types\/post"}],"author":[{"embeddable":true,"href":"https:\/\/euprevent.eu\/fr\/wp-json\/wp\/v2\/users\/3"}],"replies":[{"embeddable":true,"href":"https:\/\/euprevent.eu\/fr\/wp-json\/wp\/v2\/comments?post=18435"}],"version-history":[{"count":1,"href":"https:\/\/euprevent.eu\/fr\/wp-json\/wp\/v2\/posts\/18435\/revisions"}],"predecessor-version":[{"id":18436,"href":"https:\/\/euprevent.eu\/fr\/wp-json\/wp\/v2\/posts\/18435\/revisions\/18436"}],"wp:featuredmedia":[{"embeddable":true,"href":"https:\/\/euprevent.eu\/fr\/wp-json\/wp\/v2\/media\/18113"}],"wp:attachment":[{"href":"https:\/\/euprevent.eu\/fr\/wp-json\/wp\/v2\/media?parent=18435"}],"wp:term":[{"taxonomy":"category","embeddable":true,"href":"https:\/\/euprevent.eu\/fr\/wp-json\/wp\/v2\/categories?post=18435"},{"taxonomy":"post_tag","embeddable":true,"href":"https:\/\/euprevent.eu\/fr\/wp-json\/wp\/v2\/tags?post=18435"}],"curies":[{"name":"wp","href":"https:\/\/api.w.org\/{rel}","templated":true}]}}