


{"id":18313,"date":"2022-06-03T09:52:08","date_gmt":"2022-06-03T08:52:08","guid":{"rendered":"https:\/\/euprevent.eu\/refugees-and-migrants-health-what-are-the-priorities\/"},"modified":"2022-06-03T10:42:19","modified_gmt":"2022-06-03T09:42:19","slug":"refugees-and-migrants-health-what-are-the-priorities","status":"publish","type":"post","link":"https:\/\/euprevent.eu\/fr\/refugees-and-migrants-health-what-are-the-priorities\/","title":{"rendered":"La sant\u00e9 des r\u00e9fugi\u00e9s et des migrants : Quelles sont les priorit\u00e9s ?"},"content":{"rendered":"<p>Quels sont les besoins sanitaires et la situation actuelle des personnes fuyant l&rsquo;Ukraine, et des r\u00e9fugi\u00e9s ou migrants d&rsquo;autres origines ? Le 25 mai, le r\u00e9seau R\u00e9gions de sant\u00e9 de l&rsquo;OMS a organis\u00e9 un webinaire sur les questions tr\u00e8s actuelles li\u00e9es \u00e0 la sant\u00e9 des r\u00e9fugi\u00e9s et des migrants. Ce webinaire a permis de pr\u00e9senter les grandes lignes des politiques et des donn\u00e9es actualis\u00e9es sur la sant\u00e9 des r\u00e9fugi\u00e9s et des migrants en g\u00e9n\u00e9ral, et la situation particuli\u00e8re des personnes fuyant le conflit en Ukraine a fait l&rsquo;objet d&rsquo;une attention particuli\u00e8re. Les experts pr\u00e9sents au webinaire sont issus du Bureau r\u00e9gional de l&rsquo;OMS pour l&rsquo;Europe, de la F\u00e9d\u00e9ration internationale de la Croix-Rouge Europe, de l&rsquo;Association europ\u00e9enne de sant\u00e9 publique (EUPHA) et de l&rsquo;Institut national italien pour la sant\u00e9, la migration et la pauvret\u00e9 (INMP). Les sujets abord\u00e9s lors du webinaire couvrent les connaissances et les ressources actuellement disponibles telles que d\u00e9velopp\u00e9es par l&rsquo;OMS, les preuves et les m\u00e9thodologies disponibles pour \u00e9valuer la sant\u00e9 des migrants, et les principaux risques sanitaires des migrants et des r\u00e9fugi\u00e9s ont \u00e9galement \u00e9t\u00e9 analys\u00e9s. L&rsquo;un des objectifs importants de ce webinaire est d&rsquo;\u00e9valuer les enseignements que l&rsquo;on peut tirer des projets et initiatives qui ont \u00e9t\u00e9 mis en \u0153uvre dans ce domaine. Nous esp\u00e9rons que cela aidera les autorit\u00e9s sanitaires infranationales et les petits pays \u00e0 mieux se pr\u00e9parer \u00e0 r\u00e9pondre aux besoins sanitaires des migrants et des r\u00e9fugi\u00e9s.<\/p>\n<p>L&rsquo;enregistrement du webinaire est disponible \u00e0 l&rsquo;adresse suivante : <a href=\"https:\/\/www.youtube.com\/watch?v=8YfhYOBpTVE&amp;ab_channel=WHOEuropeRegionsforHealthNetwork\">https:\/\/www.youtube.com\/watch?v=8YfhYOBpTVE&amp;ab_channel=WHOEuropeRegionsforHealthNetwork<\/a><\/p>\n","protected":false},"excerpt":{"rendered":"<p>Quels sont les besoins sanitaires et la situation actuelle des personnes fuyant l&rsquo;Ukraine, et des r\u00e9fugi\u00e9s ou migrants d&rsquo;autres origines ? Le 25 mai, le r\u00e9seau R\u00e9gions de sant\u00e9 de l&rsquo;OMS a organis\u00e9 un webinaire sur les questions tr\u00e8s actuelles li\u00e9es \u00e0 la sant\u00e9 des r\u00e9fugi\u00e9s et des migrants. Ce webinaire a permis de pr\u00e9senter [&hellip;]<\/p>\n","protected":false},"author":3,"featured_media":0,"comment_status":"closed","ping_status":"closed","sticky":false,"template":"","format":"standard","meta":{"_acf_changed":false,"footnotes":""},"categories":[24],"tags":[],"class_list":["post-18313","post","type-post","status-publish","format-standard","hentry","category-non-classifiee","programmes-crossing-programmes"],"acf":[],"yoast_head":"<!-- This site is optimized with the Yoast SEO plugin v27.5 - https:\/\/yoast.com\/product\/yoast-seo-wordpress\/ -->\n<title>La sant\u00e9 des r\u00e9fugi\u00e9s et des migrants : Quelles sont les priorit\u00e9s ? - euPrevent<\/title>\n<meta name=\"robots\" content=\"index, follow, max-snippet:-1, max-image-preview:large, max-video-preview:-1\" \/>\n<link rel=\"canonical\" href=\"https:\/\/euprevent.eu\/fr\/refugees-and-migrants-health-what-are-the-priorities\/\" \/>\n<meta property=\"og:locale\" content=\"fr_FR\" \/>\n<meta property=\"og:type\" content=\"article\" \/>\n<meta property=\"og:title\" content=\"La sant\u00e9 des r\u00e9fugi\u00e9s et des migrants : Quelles sont les priorit\u00e9s ? - euPrevent\" \/>\n<meta property=\"og:description\" content=\"Quels sont les besoins sanitaires et la situation actuelle des personnes fuyant l&rsquo;Ukraine, et des r\u00e9fugi\u00e9s ou migrants d&rsquo;autres origines ? Le 25 mai, le r\u00e9seau R\u00e9gions de sant\u00e9 de l&rsquo;OMS a organis\u00e9 un webinaire sur les questions tr\u00e8s actuelles li\u00e9es \u00e0 la sant\u00e9 des r\u00e9fugi\u00e9s et des migrants. Ce webinaire a permis de pr\u00e9senter [&hellip;]\" \/>\n<meta property=\"og:url\" content=\"https:\/\/euprevent.eu\/fr\/refugees-and-migrants-health-what-are-the-priorities\/\" \/>\n<meta property=\"og:site_name\" content=\"euPrevent\" \/>\n<meta property=\"article:published_time\" content=\"2022-06-03T08:52:08+00:00\" \/>\n<meta property=\"article:modified_time\" content=\"2022-06-03T09:42:19+00:00\" \/>\n<meta name=\"author\" content=\"Communication euPrevent\" \/>\n<meta name=\"twitter:card\" content=\"summary_large_image\" \/>\n<meta name=\"twitter:label1\" content=\"\u00c9crit par\" \/>\n\t<meta name=\"twitter:data1\" content=\"Communication euPrevent\" \/>\n\t<meta name=\"twitter:label2\" content=\"Dur\u00e9e de lecture estim\u00e9e\" \/>\n\t<meta name=\"twitter:data2\" content=\"1 minute\" \/>\n<script type=\"application\/ld+json\" class=\"yoast-schema-graph\">{\"@context\":\"https:\\\/\\\/schema.org\",\"@graph\":[{\"@type\":\"Article\",\"@id\":\"https:\\\/\\\/euprevent.eu\\\/fr\\\/refugees-and-migrants-health-what-are-the-priorities\\\/#article\",\"isPartOf\":{\"@id\":\"https:\\\/\\\/euprevent.eu\\\/fr\\\/refugees-and-migrants-health-what-are-the-priorities\\\/\"},\"author\":{\"name\":\"Communication euPrevent\",\"@id\":\"https:\\\/\\\/euprevent.eu\\\/fr\\\/#\\\/schema\\\/person\\\/c78f5e651f86d51d78976d2651a60b8b\"},\"headline\":\"La sant\u00e9 des r\u00e9fugi\u00e9s et des migrants : Quelles sont les priorit\u00e9s ?\",\"datePublished\":\"2022-06-03T08:52:08+00:00\",\"dateModified\":\"2022-06-03T09:42:19+00:00\",\"mainEntityOfPage\":{\"@id\":\"https:\\\/\\\/euprevent.eu\\\/fr\\\/refugees-and-migrants-health-what-are-the-priorities\\\/\"},\"wordCount\":297,\"articleSection\":[\"Non classifi\u00e9(e)\"],\"inLanguage\":\"fr-FR\"},{\"@type\":\"WebPage\",\"@id\":\"https:\\\/\\\/euprevent.eu\\\/fr\\\/refugees-and-migrants-health-what-are-the-priorities\\\/\",\"url\":\"https:\\\/\\\/euprevent.eu\\\/fr\\\/refugees-and-migrants-health-what-are-the-priorities\\\/\",\"name\":\"La sant\u00e9 des r\u00e9fugi\u00e9s et des migrants : Quelles sont les priorit\u00e9s ? - euPrevent\",\"isPartOf\":{\"@id\":\"https:\\\/\\\/euprevent.eu\\\/fr\\\/#website\"},\"datePublished\":\"2022-06-03T08:52:08+00:00\",\"dateModified\":\"2022-06-03T09:42:19+00:00\",\"author\":{\"@id\":\"https:\\\/\\\/euprevent.eu\\\/fr\\\/#\\\/schema\\\/person\\\/c78f5e651f86d51d78976d2651a60b8b\"},\"breadcrumb\":{\"@id\":\"https:\\\/\\\/euprevent.eu\\\/fr\\\/refugees-and-migrants-health-what-are-the-priorities\\\/#breadcrumb\"},\"inLanguage\":\"fr-FR\",\"potentialAction\":[{\"@type\":\"ReadAction\",\"target\":[\"https:\\\/\\\/euprevent.eu\\\/fr\\\/refugees-and-migrants-health-what-are-the-priorities\\\/\"]}]},{\"@type\":\"BreadcrumbList\",\"@id\":\"https:\\\/\\\/euprevent.eu\\\/fr\\\/refugees-and-migrants-health-what-are-the-priorities\\\/#breadcrumb\",\"itemListElement\":[{\"@type\":\"ListItem\",\"position\":1,\"name\":\"Home\",\"item\":\"https:\\\/\\\/euprevent.eu\\\/fr\\\/\"},{\"@type\":\"ListItem\",\"position\":2,\"name\":\"La sant\u00e9 des r\u00e9fugi\u00e9s et des migrants : Quelles sont les priorit\u00e9s ?\"}]},{\"@type\":\"WebSite\",\"@id\":\"https:\\\/\\\/euprevent.eu\\\/fr\\\/#website\",\"url\":\"https:\\\/\\\/euprevent.eu\\\/fr\\\/\",\"name\":\"euPrevent\",\"description\":\"euPrevent is a Euroregional network that focuses on promoting health. Within this network, sustainable partnerships seek to increase the quality of life of residents in the border region between the Netherlands, Belgium and Germany.\",\"potentialAction\":[{\"@type\":\"SearchAction\",\"target\":{\"@type\":\"EntryPoint\",\"urlTemplate\":\"https:\\\/\\\/euprevent.eu\\\/fr\\\/?s={search_term_string}\"},\"query-input\":{\"@type\":\"PropertyValueSpecification\",\"valueRequired\":true,\"valueName\":\"search_term_string\"}}],\"inLanguage\":\"fr-FR\"},{\"@type\":\"Person\",\"@id\":\"https:\\\/\\\/euprevent.eu\\\/fr\\\/#\\\/schema\\\/person\\\/c78f5e651f86d51d78976d2651a60b8b\",\"name\":\"Communication euPrevent\"}]}<\/script>\n<!-- \/ Yoast SEO plugin. -->","yoast_head_json":{"title":"La sant\u00e9 des r\u00e9fugi\u00e9s et des migrants : Quelles sont les priorit\u00e9s ? - euPrevent","robots":{"index":"index","follow":"follow","max-snippet":"max-snippet:-1","max-image-preview":"max-image-preview:large","max-video-preview":"max-video-preview:-1"},"canonical":"https:\/\/euprevent.eu\/fr\/refugees-and-migrants-health-what-are-the-priorities\/","og_locale":"fr_FR","og_type":"article","og_title":"La sant\u00e9 des r\u00e9fugi\u00e9s et des migrants : Quelles sont les priorit\u00e9s ? - euPrevent","og_description":"Quels sont les besoins sanitaires et la situation actuelle des personnes fuyant l&rsquo;Ukraine, et des r\u00e9fugi\u00e9s ou migrants d&rsquo;autres origines ? Le 25 mai, le r\u00e9seau R\u00e9gions de sant\u00e9 de l&rsquo;OMS a organis\u00e9 un webinaire sur les questions tr\u00e8s actuelles li\u00e9es \u00e0 la sant\u00e9 des r\u00e9fugi\u00e9s et des migrants. Ce webinaire a permis de pr\u00e9senter [&hellip;]","og_url":"https:\/\/euprevent.eu\/fr\/refugees-and-migrants-health-what-are-the-priorities\/","og_site_name":"euPrevent","article_published_time":"2022-06-03T08:52:08+00:00","article_modified_time":"2022-06-03T09:42:19+00:00","author":"Communication euPrevent","twitter_card":"summary_large_image","twitter_misc":{"\u00c9crit par":"Communication euPrevent","Dur\u00e9e de lecture estim\u00e9e":"1 minute"},"schema":{"@context":"https:\/\/schema.org","@graph":[{"@type":"Article","@id":"https:\/\/euprevent.eu\/fr\/refugees-and-migrants-health-what-are-the-priorities\/#article","isPartOf":{"@id":"https:\/\/euprevent.eu\/fr\/refugees-and-migrants-health-what-are-the-priorities\/"},"author":{"name":"Communication euPrevent","@id":"https:\/\/euprevent.eu\/fr\/#\/schema\/person\/c78f5e651f86d51d78976d2651a60b8b"},"headline":"La sant\u00e9 des r\u00e9fugi\u00e9s et des migrants : Quelles sont les priorit\u00e9s ?","datePublished":"2022-06-03T08:52:08+00:00","dateModified":"2022-06-03T09:42:19+00:00","mainEntityOfPage":{"@id":"https:\/\/euprevent.eu\/fr\/refugees-and-migrants-health-what-are-the-priorities\/"},"wordCount":297,"articleSection":["Non classifi\u00e9(e)"],"inLanguage":"fr-FR"},{"@type":"WebPage","@id":"https:\/\/euprevent.eu\/fr\/refugees-and-migrants-health-what-are-the-priorities\/","url":"https:\/\/euprevent.eu\/fr\/refugees-and-migrants-health-what-are-the-priorities\/","name":"La sant\u00e9 des r\u00e9fugi\u00e9s et des migrants : Quelles sont les priorit\u00e9s ? - euPrevent","isPartOf":{"@id":"https:\/\/euprevent.eu\/fr\/#website"},"datePublished":"2022-06-03T08:52:08+00:00","dateModified":"2022-06-03T09:42:19+00:00","author":{"@id":"https:\/\/euprevent.eu\/fr\/#\/schema\/person\/c78f5e651f86d51d78976d2651a60b8b"},"breadcrumb":{"@id":"https:\/\/euprevent.eu\/fr\/refugees-and-migrants-health-what-are-the-priorities\/#breadcrumb"},"inLanguage":"fr-FR","potentialAction":[{"@type":"ReadAction","target":["https:\/\/euprevent.eu\/fr\/refugees-and-migrants-health-what-are-the-priorities\/"]}]},{"@type":"BreadcrumbList","@id":"https:\/\/euprevent.eu\/fr\/refugees-and-migrants-health-what-are-the-priorities\/#breadcrumb","itemListElement":[{"@type":"ListItem","position":1,"name":"Home","item":"https:\/\/euprevent.eu\/fr\/"},{"@type":"ListItem","position":2,"name":"La sant\u00e9 des r\u00e9fugi\u00e9s et des migrants : Quelles sont les priorit\u00e9s ?"}]},{"@type":"WebSite","@id":"https:\/\/euprevent.eu\/fr\/#website","url":"https:\/\/euprevent.eu\/fr\/","name":"euPrevent","description":"euPrevent is a Euroregional network that focuses on promoting health. Within this network, sustainable partnerships seek to increase the quality of life of residents in the border region between the Netherlands, Belgium and Germany.","potentialAction":[{"@type":"SearchAction","target":{"@type":"EntryPoint","urlTemplate":"https:\/\/euprevent.eu\/fr\/?s={search_term_string}"},"query-input":{"@type":"PropertyValueSpecification","valueRequired":true,"valueName":"search_term_string"}}],"inLanguage":"fr-FR"},{"@type":"Person","@id":"https:\/\/euprevent.eu\/fr\/#\/schema\/person\/c78f5e651f86d51d78976d2651a60b8b","name":"Communication euPrevent"}]}},"_links":{"self":[{"href":"https:\/\/euprevent.eu\/fr\/wp-json\/wp\/v2\/posts\/18313","targetHints":{"allow":["GET"]}}],"collection":[{"href":"https:\/\/euprevent.eu\/fr\/wp-json\/wp\/v2\/posts"}],"about":[{"href":"https:\/\/euprevent.eu\/fr\/wp-json\/wp\/v2\/types\/post"}],"author":[{"embeddable":true,"href":"https:\/\/euprevent.eu\/fr\/wp-json\/wp\/v2\/users\/3"}],"replies":[{"embeddable":true,"href":"https:\/\/euprevent.eu\/fr\/wp-json\/wp\/v2\/comments?post=18313"}],"version-history":[{"count":1,"href":"https:\/\/euprevent.eu\/fr\/wp-json\/wp\/v2\/posts\/18313\/revisions"}],"predecessor-version":[{"id":18316,"href":"https:\/\/euprevent.eu\/fr\/wp-json\/wp\/v2\/posts\/18313\/revisions\/18316"}],"wp:attachment":[{"href":"https:\/\/euprevent.eu\/fr\/wp-json\/wp\/v2\/media?parent=18313"}],"wp:term":[{"taxonomy":"category","embeddable":true,"href":"https:\/\/euprevent.eu\/fr\/wp-json\/wp\/v2\/categories?post=18313"},{"taxonomy":"post_tag","embeddable":true,"href":"https:\/\/euprevent.eu\/fr\/wp-json\/wp\/v2\/tags?post=18313"}],"curies":[{"name":"wp","href":"https:\/\/api.w.org\/{rel}","templated":true}]}}