


{"id":16549,"date":"2021-12-10T09:00:53","date_gmt":"2021-12-10T08:00:53","guid":{"rendered":"https:\/\/euprevent.eu\/?p=16549"},"modified":"2021-12-10T11:16:58","modified_gmt":"2021-12-10T10:16:58","slug":"lets-unite-the-euprevent-profile-project-partners-in-the-meuse-rhine-euregion","status":"publish","type":"post","link":"https:\/\/euprevent.eu\/fr\/lets-unite-the-euprevent-profile-project-partners-in-the-meuse-rhine-euregion\/","title":{"rendered":"Let&rsquo;s unite! The euPrevent PROFILE project partners in the Meuse-Rhine Euregion"},"content":{"rendered":"<section class=\"wpb-content-wrapper\"><p>[vc_row][vc_column][vc_column_text]Ce projet est une collaboration entre diff\u00e9rents partenaires de l&rsquo;Euregion Meuse-Rhin (EMR). En savoir plus sur eux ici ![\/vc_column_text][vc_row_inner][vc_column_inner width=\u00a0\u00bb1\/3&Prime;][vc_single_image image=\u00a0\u00bb16282&Prime; img_size=\u00a0\u00bbfull\u00a0\u00bb onclick=\u00a0\u00bbcustom_link\u00a0\u00bb img_link_target=\u00a0\u00bb_blank\u00a0\u00bb link=\u00a0\u00bbhttps:\/\/www.alzheimercentrumlimburg.nl\/maatschappelijk\/euregionaal-project-euprevent-profile\u00a0\u00bb][\/vc_column_inner][vc_column_inner width=\u00a0\u00bb2\/3&Prime;][vc_column_text]<\/p>\n<h3><strong>Universit\u00e9 de Maastricht<\/strong><\/h3>\n<p>L&rsquo;Universit\u00e9 de Maastricht (UM) est connue pour son caract\u00e8re international, son mod\u00e8le d&rsquo;\u00e9ducation innovant, son approche multidisciplinaire de la recherche et de l&rsquo;\u00e9ducation, et l&rsquo;accent mis sur l&rsquo;engagement social. L&rsquo;Universit\u00e9 de Maastricht et le Centre M\u00e9dical Universitaire, qui op\u00e8rent conjointement sous le nom de Maastricht UMC+, sont un partenaire important de la partie n\u00e9erlandaise de la r\u00e9gion EMR, et ont d\u00e9j\u00e0 particip\u00e9 au projet euPrevent Senior Friendly Communities.<\/p>\n<p>En tant que chef de file du projet euPrevent PROFILE, l&rsquo;Universit\u00e9 de Maastricht a une grande exp\u00e9rience de la coordination de projets (inter)nationaux, y compris le projet Interreg Senior Friendly Communities. Cette exp\u00e9rience et ces connaissances seront \u00e9galement mises \u00e0 profit dans le projet euPrevent PROFILE. Au sein d&rsquo;euPrevent PROFILE, l&rsquo;UM est impliqu\u00e9e de plusieurs mani\u00e8res. D&rsquo;une part, elle est li\u00e9e \u00e0 l&rsquo;\u00e9change de connaissances et \u00e0 la mise en \u0153uvre d&rsquo;activit\u00e9s et d&rsquo;interventions existantes (apprentissage mutuel par la coop\u00e9ration transfrontali\u00e8re), et d&rsquo;autre part, l&rsquo;UM est responsable de la mise en \u0153uvre du projet.<\/p>\n<p>[\/vc_column_text][\/vc_column_inner][\/vc_row_inner][vc_separator][vc_row_inner][vc_column_inner width=\u00a0\u00bb1\/3&Prime;][vc_single_image image=\u00a0\u00bb16273&Prime; img_size=\u00a0\u00bbfull\u00a0\u00bb onclick=\u00a0\u00bbcustom_link\u00a0\u00bb img_link_target=\u00a0\u00bb_blank\u00a0\u00bb link=\u00a0\u00bbhttps:\/\/www.mc.be\/\u00a0\u00bb][\/vc_column_inner][vc_column_inner width=\u00a0\u00bb2\/3&Prime;][vc_column_text]<\/p>\n<h3>La Mutualit\u00e9 Chr\u00e9tienne de Verviers-Eupen (MCVE)<\/h3>\n<p>La Mutualit\u00e9 Chr\u00e9tienne assure l&rsquo;accessibilit\u00e9 et la qualit\u00e9 des soins et services de sant\u00e9 aux personnes. Elle d\u00e9fend la solidarit\u00e9 et la coh\u00e9sion sociale. A travers son service social et ses mouvements socio-\u00e9ducatifs, la MC met en place des actions et des activit\u00e9s sur le terrain pour diff\u00e9rents publics : les jeunes, les personnes \u00e2g\u00e9es et les personnes en perte d&rsquo;autonomie, les moins valides, les malades ou les handicap\u00e9s.<\/p>\n<p>La Mutualit\u00e9 Chr\u00e9tienne a une longue expertise dans le domaine de l&rsquo;accompagnement et de l&rsquo;int\u00e9gration sociale des personnes \u00e2g\u00e9es et des personnes fragiles ainsi que dans le soutien de leurs proches aidants. Plus sp\u00e9cifiquement, la MC Verviers-Eupen a d\u00e9j\u00e0 particip\u00e9 \u00e0 plusieurs projets Interreg dans le cadre de programmes de coop\u00e9ration pr\u00e9c\u00e9dents ainsi qu&rsquo;\u00e0 d&rsquo;autres projets europ\u00e9ens en coordination avec l&rsquo;Alliance nationale des mutualit\u00e9s chr\u00e9tiennes et la CM Limburg<\/p>\n<p>[\/vc_column_text][\/vc_column_inner][\/vc_row_inner][vc_separator][vc_row_inner][vc_column_inner width=\u00a0\u00bb1\/3&Prime;][vc_single_image image=\u00a0\u00bb16281&Prime; img_size=\u00a0\u00bbfull\u00a0\u00bb onclick=\u00a0\u00bbcustom_link\u00a0\u00bb img_link_target=\u00a0\u00bb_blank\u00a0\u00bb link=\u00a0\u00bbhttps:\/\/www.uliege.be\/cms\/c_8699436\/fr\/uliege\u00a0\u00bb][\/vc_column_inner][vc_column_inner width=\u00a0\u00bb2\/3&Prime;][vc_column_text]<\/p>\n<h3>L\u2019Universit\u00e9 de Li\u00e8ge<\/h3>\n<p>L&rsquo;Universit\u00e9 de Li\u00e8ge (Belgique) compte 11 facult\u00e9s, r\u00e9parties sur 4 campus. Au sein de chaque facult\u00e9 se d\u00e9roulent des activit\u00e9s d&rsquo;enseignement et de recherche. Le projet euPrevent PROFILE est le fruit d&rsquo;une collaboration entre la Facult\u00e9 de M\u00e9decine (D\u00e9partement des Sciences Cliniques, avec le Prof. E. Salmon) et la Facult\u00e9 de Psychologie et des Sciences de l&rsquo;Education (Unit\u00e9 de Psychologie de la S\u00e9nescence, avec le Prof. S. Adam et le Dr. S. Schroyen)<\/p>\n<p>Au sein de l&rsquo;universit\u00e9, les forces de l&rsquo;institution ont \u00e9t\u00e9 rassembl\u00e9es afin de comprendre le probl\u00e8me du vieillissement de mani\u00e8re holistique. Le projet euPrevent PROFILE est l&rsquo;occasion d&rsquo;accro\u00eetre les connaissances sur les cons\u00e9quences et les ressources des personnes \u00e2g\u00e9es confront\u00e9es \u00e0 la solitude. L&rsquo;universit\u00e9 pourra apporter son expertise en mati\u00e8re de recherche et de communication aux diff\u00e9rentes activit\u00e9s du projet (notamment la revue de litt\u00e9rature ou le d\u00e9veloppement de formations pour les professionnels.[\/vc_column_text][\/vc_column_inner][\/vc_row_inner][vc_separator][vc_row_inner][vc_column_inner width=\u00a0\u00bb1\/3&Prime;][vc_single_image image=\u00a0\u00bb16229&Prime; img_size=\u00a0\u00bbfull\u00a0\u00bb onclick=\u00a0\u00bbcustom_link\u00a0\u00bb img_link_target=\u00a0\u00bb_blank\u00a0\u00bb link=\u00a0\u00bbhttps:\/\/www.bagso.de\/english\/\u00a0\u00bb][\/vc_column_inner][vc_column_inner width=\u00a0\u00bb2\/3&Prime;][vc_column_text]<\/p>\n<h3>BAGSO<\/h3>\n<p>Avec ses 125 organisations membres, l&rsquo;Association nationale allemande des organisations de seniors (BAGSO) repr\u00e9sente plusieurs millions de personnes \u00e2g\u00e9es en Allemagne. En tant que force motrice de la politique des personnes \u00e2g\u00e9es en Allemagne, BAGSO d\u00e9fend un vieillissement actif, sain et autod\u00e9termin\u00e9 dans la s\u00e9curit\u00e9 sociale. BAGSO promeut une image diff\u00e9renci\u00e9e de la vieillesse. Cela inclut tant les opportunit\u00e9s diverses d\u00e9coulant de l\u2019allongement de l\u2019esp\u00e9rance de vie que des p\u00e9riodes de vuln\u00e9rabilit\u00e9 et de besoin de soins. En coordonnant des r\u00e9seaux nationaux &#8211; tels que les \u00ab\u00a0Alliances locales pour les personnes atteintes de d\u00e9mence\u00a0\u00bb &#8211; BAGSO soutient les municipalit\u00e9s, les organisations et les initiatives dans la promotion de la participation sociale. La mobilisation de l&rsquo;engagement civique, en particulier pour les personnes \u00e2g\u00e9es dans des \u00e9tats de vie vuln\u00e9rables, en est un \u00e9l\u00e9ment important.<\/p>\n<p>BAGSO dispose d&rsquo;une expertise internationale en mati\u00e8re de promotion de la participation sociale des personnes \u00e2g\u00e9es et de renforcement de la solidarit\u00e9 entre les g\u00e9n\u00e9rations. BAGSO s&rsquo;engage pour l&rsquo;\u00e9change d&rsquo;exp\u00e9riences, notamment dans les r\u00e9gions frontali\u00e8res. Elle consid\u00e8re la discussion des valeurs communes en Europe &#8211; notamment en ce qui concerne la n\u00e9cessit\u00e9 d&rsquo;agir pour pr\u00e9venir l&rsquo;exclusion sociale et la solitude &#8211; comme une t\u00e2che importante. Sur le site web, vous trouverez une section sur la solitude et d&rsquo;autres activit\u00e9s (<a href=\"https:\/\/www.bagso.de\/fileadmin\/user_upload\/bagso\/07_Kopfnavigation\/Englische_Seite\/Publications\/Documentation_of_the_Symposium_Loneliness_in_Old_Age_2019.pdf\">par exemple la documentation d&rsquo;un symposium sur la solitude en 2019<\/a>).<\/p>\n<p>[\/vc_column_text][\/vc_column_inner][\/vc_row_inner][vc_separator][vc_row_inner][vc_column_inner width=\u00a0\u00bb1\/3&Prime;][vc_single_image image=\u00a0\u00bb16289&Prime; img_size=\u00a0\u00bbfull\u00a0\u00bb onclick=\u00a0\u00bbcustom_link\u00a0\u00bb img_link_target=\u00a0\u00bb_blank\u00a0\u00bb link=\u00a0\u00bbhttp:\/\/www.logolimburg.be\/\u00a0\u00bb][\/vc_column_inner][vc_column_inner width=\u00a0\u00bb2\/3&Prime;][vc_column_text]<\/p>\n<h3>Logo Limburg<\/h3>\n<p>Logo Limburg est une organisation en r\u00e9seau dans le domaine de la promotion de la sant\u00e9 et de la pr\u00e9vention des maladies dans la province belge du Limbourg. Cette organisation contribue \u00e0 la r\u00e9alisation des objectifs flamands en mati\u00e8re de sant\u00e9 au niveau local. L&rsquo;objectif de Logo Limburg est l&rsquo;int\u00e9gration durable de la pr\u00e9vention en mati\u00e8re de sant\u00e9 dans les politiques des autorit\u00e9s locales et d&rsquo;autres organisations dans diff\u00e9rents contextes (soins et bien-\u00eatre, \u00e9ducation, travail, famille, loisirs). Le choix de la sant\u00e9 doit devenir le choix le plus \u00e9vident pour chaque citoyen.<\/p>\n<p>Logo Limburg peut compter sur un r\u00e9seau solide et bien d\u00e9velopp\u00e9. Dans le cadre du projet euPrevent PROFILE, Logo Limburg souhaite partager avec les autres partenaires du projet les connaissances et l&rsquo;exp\u00e9rience qu&rsquo;elle a acquises dans le cadre de projets sur la coh\u00e9sion sociale et la r\u00e9silience mentale. L&rsquo;expertise que Logo Limburg va acqu\u00e9rir gr\u00e2ce \u00e0 ce projet sera partag\u00e9e avec son r\u00e9seau (supra)local.<\/p>\n<p>[\/vc_column_text][\/vc_column_inner][\/vc_row_inner][vc_separator][vc_row_inner][vc_column_inner width=\u00a0\u00bb1\/3&Prime;][vc_single_image image=\u00a0\u00bb16265&Prime; img_size=\u00a0\u00bbfull\u00a0\u00bb onclick=\u00a0\u00bbcustom_link\u00a0\u00bb img_link_target=\u00a0\u00bb_blank\u00a0\u00bb link=\u00a0\u00bbhttp:\/\/www.ggdzl.nl\/\u00a0\u00bb][\/vc_column_inner][vc_column_inner width=\u00a0\u00bb2\/3&Prime;][vc_column_text]<\/p>\n<h3><strong>Service de sant\u00e9 m\u00e9dicale du Limbourg Sud (Geneeskundige Gezondheidsdienst Zuid Limburg &#8211; GGD Zuid Limburg, The Netherlands)<\/strong><\/h3>\n<p>Le service de sant\u00e9 publique du sud du Limbourg (= Geneeskundige Gezondheidsdienst Zuid Limburg, The GGD Zuid Limburg) surveille et promeut la sant\u00e9 de tous les habitants du sud du Limbourg, avec une attention particuli\u00e8re pour les personnes en situation de vuln\u00e9rabilit\u00e9. Le GGD Zuid Limburg fournit des conseils en mati\u00e8re de politique de sant\u00e9, des donn\u00e9es et des connaissances aux 16 municipalit\u00e9s de la r\u00e9gion. Il met en relation les personnes et les organisations et prend des initiatives pour am\u00e9liorer la sant\u00e9 des habitants du Limbourg du Sud.<\/p>\n<p>La solitude \u00e9tant en augmentation dans la r\u00e9gion du Limbourg du Sud, toutes les municipalit\u00e9s ont entam\u00e9 une approche locale. Le GGD Zuid Limburg relie les municipalit\u00e9s et les organisations et stimule le partage des connaissances et l&rsquo;\u00e9change des meilleures pratiques au sein et au-del\u00e0 de la r\u00e9gion. En outre, le GGD Zuid Limburg surveille l&rsquo;\u00e9tat de sant\u00e9 de la r\u00e9gion, y compris la pr\u00e9valence et l&rsquo;impact de la solitude.<\/p>\n<p>[\/vc_column_text][\/vc_column_inner][\/vc_row_inner][vc_separator][vc_row_inner][vc_column_inner width=\u00a0\u00bb1\/3&Prime;][vc_single_image image=\u00a0\u00bb16237&Prime; img_size=\u00a0\u00bbfull\u00a0\u00bb onclick=\u00a0\u00bbcustom_link\u00a0\u00bb link=\u00a0\u00bbhttp:\/\/www.euprevent.eu\/fr\/\u00a0\u00bb][\/vc_column_inner][vc_column_inner width=\u00a0\u00bb2\/3&Prime;][vc_column_text]<\/p>\n<h3>euPrevent<\/h3>\n<p>euPrevent est une organisation \u00e0 but non lucratif et un r\u00e9seau euror\u00e9gional qui vise \u00e0 promouvoir la qualit\u00e9 de vie des citoyens dans la r\u00e9gion frontali\u00e8re des Pays-Bas, de l&rsquo;Allemagne et de la Belgique. Les politiques de sant\u00e9 et de bien-\u00eatre sont principalement organis\u00e9es au niveau national. Cela a des cons\u00e9quences importantes pour les citoyens de la r\u00e9gion frontali\u00e8re, qui traversent r\u00e9guli\u00e8rement la fronti\u00e8re pour le travail ou la famille. euPrevent se concentre sur l&rsquo;\u00e9tablissement de connexions de r\u00e9seaux transfrontaliers durables entre les organisations de sant\u00e9 de la r\u00e9gion frontali\u00e8re.<\/p>\n<p>euPrevent soutient les r\u00e9seaux durables afin d&rsquo;am\u00e9liorer la qualit\u00e9 de vie des r\u00e9sidents de la r\u00e9gion frontali\u00e8re. euPrevent soutient les organisations de diverses mani\u00e8res, notamment en organisant des activit\u00e9s, des ateliers, des sommets de citoyens et des journ\u00e9es d&rsquo;\u00e9tude ; en facilitant le transfert de connaissances entre les organisations de sant\u00e9 de la r\u00e9gion frontali\u00e8re ; en faisant pression pour que l&rsquo;on accorde plus d&rsquo;attention \u00e0 la sant\u00e9 transfrontali\u00e8re au niveau de l&rsquo;UE ; et en promouvant les activit\u00e9s du r\u00e9seau \u00e0 Bruxelles et \u00e0 l&rsquo;OMS.<\/p>\n<p>[\/vc_column_text][\/vc_column_inner][\/vc_row_inner][\/vc_column][\/vc_row]<\/p>\n<\/section>","protected":false},"excerpt":{"rendered":"<p>[vc_row][vc_column][vc_column_text]Ce projet est une collaboration entre diff\u00e9rents partenaires de l&rsquo;Euregion Meuse-Rhin (EMR). En savoir plus sur eux ici ![\/vc_column_text][vc_row_inner][vc_column_inner width=\u00a0\u00bb1\/3&Prime;][vc_single_image image=\u00a0\u00bb16282&Prime; img_size=\u00a0\u00bbfull\u00a0\u00bb onclick=\u00a0\u00bbcustom_link\u00a0\u00bb img_link_target=\u00a0\u00bb_blank\u00a0\u00bb link=\u00a0\u00bbhttps:\/\/www.alzheimercentrumlimburg.nl\/maatschappelijk\/euregionaal-project-euprevent-profile\u00a0\u00bb][\/vc_column_inner][vc_column_inner width=\u00a0\u00bb2\/3&Prime;][vc_column_text] Universit\u00e9 de Maastricht L&rsquo;Universit\u00e9 de Maastricht (UM) est connue pour son caract\u00e8re international, son mod\u00e8le d&rsquo;\u00e9ducation innovant, son approche multidisciplinaire de la recherche et de l&rsquo;\u00e9ducation, et l&rsquo;accent mis [&hellip;]<\/p>\n","protected":false},"author":3,"featured_media":6910,"comment_status":"closed","ping_status":"closed","sticky":false,"template":"","format":"standard","meta":{"_acf_changed":false,"footnotes":""},"categories":[24],"tags":[],"class_list":["post-16549","post","type-post","status-publish","format-standard","has-post-thumbnail","hentry","category-non-classifiee","programmes-mental-health","projects-project-profile"],"acf":[],"yoast_head":"<!-- This site is optimized with the Yoast SEO plugin v27.5 - https:\/\/yoast.com\/product\/yoast-seo-wordpress\/ -->\n<title>Let&#039;s unite! The euPrevent PROFILE project partners in the Meuse-Rhine Euregion - euPrevent<\/title>\n<meta name=\"robots\" content=\"index, follow, max-snippet:-1, max-image-preview:large, max-video-preview:-1\" \/>\n<link rel=\"canonical\" href=\"https:\/\/euprevent.eu\/fr\/lets-unite-the-euprevent-profile-project-partners-in-the-meuse-rhine-euregion\/\" \/>\n<meta property=\"og:locale\" content=\"fr_FR\" \/>\n<meta property=\"og:type\" content=\"article\" \/>\n<meta property=\"og:title\" content=\"Let&#039;s unite! The euPrevent PROFILE project partners in the Meuse-Rhine Euregion - euPrevent\" \/>\n<meta property=\"og:description\" content=\"[vc_row][vc_column][vc_column_text]Ce projet est une collaboration entre diff\u00e9rents partenaires de l&rsquo;Euregion Meuse-Rhin (EMR). En savoir plus sur eux ici ![\/vc_column_text][vc_row_inner][vc_column_inner width=\u00a0\u00bb1\/3&Prime;][vc_single_image image=\u00a0\u00bb16282&Prime; img_size=\u00a0\u00bbfull\u00a0\u00bb onclick=\u00a0\u00bbcustom_link\u00a0\u00bb img_link_target=\u00a0\u00bb_blank\u00a0\u00bb link=\u00a0\u00bbhttps:\/\/www.alzheimercentrumlimburg.nl\/maatschappelijk\/euregionaal-project-euprevent-profile\u00a0\u00bb][\/vc_column_inner][vc_column_inner width=\u00a0\u00bb2\/3&Prime;][vc_column_text] Universit\u00e9 de Maastricht L&rsquo;Universit\u00e9 de Maastricht (UM) est connue pour son caract\u00e8re international, son mod\u00e8le d&rsquo;\u00e9ducation innovant, son approche multidisciplinaire de la recherche et de l&rsquo;\u00e9ducation, et l&rsquo;accent mis [&hellip;]\" \/>\n<meta property=\"og:url\" content=\"https:\/\/euprevent.eu\/fr\/lets-unite-the-euprevent-profile-project-partners-in-the-meuse-rhine-euregion\/\" \/>\n<meta property=\"og:site_name\" content=\"euPrevent\" \/>\n<meta property=\"article:published_time\" content=\"2021-12-10T08:00:53+00:00\" \/>\n<meta property=\"article:modified_time\" content=\"2021-12-10T10:16:58+00:00\" \/>\n<meta property=\"og:image\" content=\"https:\/\/euprevent.eu\/wp-content\/uploads\/2018\/12\/EMR-kleurrijk.jpg\" \/>\n\t<meta property=\"og:image:width\" content=\"642\" \/>\n\t<meta property=\"og:image:height\" content=\"584\" \/>\n\t<meta property=\"og:image:type\" content=\"image\/jpeg\" \/>\n<meta name=\"author\" content=\"Communication euPrevent\" \/>\n<meta name=\"twitter:card\" content=\"summary_large_image\" \/>\n<meta name=\"twitter:label1\" content=\"\u00c9crit par\" \/>\n\t<meta name=\"twitter:data1\" content=\"Communication euPrevent\" \/>\n\t<meta name=\"twitter:label2\" content=\"Dur\u00e9e de lecture estim\u00e9e\" \/>\n\t<meta name=\"twitter:data2\" content=\"8 minutes\" \/>\n<script type=\"application\/ld+json\" class=\"yoast-schema-graph\">{\"@context\":\"https:\\\/\\\/schema.org\",\"@graph\":[{\"@type\":\"Article\",\"@id\":\"https:\\\/\\\/euprevent.eu\\\/fr\\\/lets-unite-the-euprevent-profile-project-partners-in-the-meuse-rhine-euregion\\\/#article\",\"isPartOf\":{\"@id\":\"https:\\\/\\\/euprevent.eu\\\/fr\\\/lets-unite-the-euprevent-profile-project-partners-in-the-meuse-rhine-euregion\\\/\"},\"author\":{\"name\":\"Communication euPrevent\",\"@id\":\"https:\\\/\\\/euprevent.eu\\\/fr\\\/#\\\/schema\\\/person\\\/c78f5e651f86d51d78976d2651a60b8b\"},\"headline\":\"Let&rsquo;s unite! The euPrevent PROFILE project partners in the Meuse-Rhine Euregion\",\"datePublished\":\"2021-12-10T08:00:53+00:00\",\"dateModified\":\"2021-12-10T10:16:58+00:00\",\"mainEntityOfPage\":{\"@id\":\"https:\\\/\\\/euprevent.eu\\\/fr\\\/lets-unite-the-euprevent-profile-project-partners-in-the-meuse-rhine-euregion\\\/\"},\"wordCount\":1707,\"image\":{\"@id\":\"https:\\\/\\\/euprevent.eu\\\/fr\\\/lets-unite-the-euprevent-profile-project-partners-in-the-meuse-rhine-euregion\\\/#primaryimage\"},\"thumbnailUrl\":\"https:\\\/\\\/euprevent.eu\\\/wp-content\\\/uploads\\\/2018\\\/12\\\/EMR-kleurrijk.jpg\",\"articleSection\":[\"Non classifi\u00e9(e)\"],\"inLanguage\":\"fr-FR\"},{\"@type\":\"WebPage\",\"@id\":\"https:\\\/\\\/euprevent.eu\\\/fr\\\/lets-unite-the-euprevent-profile-project-partners-in-the-meuse-rhine-euregion\\\/\",\"url\":\"https:\\\/\\\/euprevent.eu\\\/fr\\\/lets-unite-the-euprevent-profile-project-partners-in-the-meuse-rhine-euregion\\\/\",\"name\":\"Let's unite! The euPrevent PROFILE project partners in the Meuse-Rhine Euregion - euPrevent\",\"isPartOf\":{\"@id\":\"https:\\\/\\\/euprevent.eu\\\/fr\\\/#website\"},\"primaryImageOfPage\":{\"@id\":\"https:\\\/\\\/euprevent.eu\\\/fr\\\/lets-unite-the-euprevent-profile-project-partners-in-the-meuse-rhine-euregion\\\/#primaryimage\"},\"image\":{\"@id\":\"https:\\\/\\\/euprevent.eu\\\/fr\\\/lets-unite-the-euprevent-profile-project-partners-in-the-meuse-rhine-euregion\\\/#primaryimage\"},\"thumbnailUrl\":\"https:\\\/\\\/euprevent.eu\\\/wp-content\\\/uploads\\\/2018\\\/12\\\/EMR-kleurrijk.jpg\",\"datePublished\":\"2021-12-10T08:00:53+00:00\",\"dateModified\":\"2021-12-10T10:16:58+00:00\",\"author\":{\"@id\":\"https:\\\/\\\/euprevent.eu\\\/fr\\\/#\\\/schema\\\/person\\\/c78f5e651f86d51d78976d2651a60b8b\"},\"breadcrumb\":{\"@id\":\"https:\\\/\\\/euprevent.eu\\\/fr\\\/lets-unite-the-euprevent-profile-project-partners-in-the-meuse-rhine-euregion\\\/#breadcrumb\"},\"inLanguage\":\"fr-FR\",\"potentialAction\":[{\"@type\":\"ReadAction\",\"target\":[\"https:\\\/\\\/euprevent.eu\\\/fr\\\/lets-unite-the-euprevent-profile-project-partners-in-the-meuse-rhine-euregion\\\/\"]}]},{\"@type\":\"ImageObject\",\"inLanguage\":\"fr-FR\",\"@id\":\"https:\\\/\\\/euprevent.eu\\\/fr\\\/lets-unite-the-euprevent-profile-project-partners-in-the-meuse-rhine-euregion\\\/#primaryimage\",\"url\":\"https:\\\/\\\/euprevent.eu\\\/wp-content\\\/uploads\\\/2018\\\/12\\\/EMR-kleurrijk.jpg\",\"contentUrl\":\"https:\\\/\\\/euprevent.eu\\\/wp-content\\\/uploads\\\/2018\\\/12\\\/EMR-kleurrijk.jpg\",\"width\":642,\"height\":584},{\"@type\":\"BreadcrumbList\",\"@id\":\"https:\\\/\\\/euprevent.eu\\\/fr\\\/lets-unite-the-euprevent-profile-project-partners-in-the-meuse-rhine-euregion\\\/#breadcrumb\",\"itemListElement\":[{\"@type\":\"ListItem\",\"position\":1,\"name\":\"Home\",\"item\":\"https:\\\/\\\/euprevent.eu\\\/fr\\\/\"},{\"@type\":\"ListItem\",\"position\":2,\"name\":\"Let&#8217;s unite! The euPrevent PROFILE project partners in the Meuse-Rhine Euregion\"}]},{\"@type\":\"WebSite\",\"@id\":\"https:\\\/\\\/euprevent.eu\\\/fr\\\/#website\",\"url\":\"https:\\\/\\\/euprevent.eu\\\/fr\\\/\",\"name\":\"euPrevent\",\"description\":\"euPrevent is a Euroregional network that focuses on promoting health. Within this network, sustainable partnerships seek to increase the quality of life of residents in the border region between the Netherlands, Belgium and Germany.\",\"potentialAction\":[{\"@type\":\"SearchAction\",\"target\":{\"@type\":\"EntryPoint\",\"urlTemplate\":\"https:\\\/\\\/euprevent.eu\\\/fr\\\/?s={search_term_string}\"},\"query-input\":{\"@type\":\"PropertyValueSpecification\",\"valueRequired\":true,\"valueName\":\"search_term_string\"}}],\"inLanguage\":\"fr-FR\"},{\"@type\":\"Person\",\"@id\":\"https:\\\/\\\/euprevent.eu\\\/fr\\\/#\\\/schema\\\/person\\\/c78f5e651f86d51d78976d2651a60b8b\",\"name\":\"Communication euPrevent\"}]}<\/script>\n<!-- \/ Yoast SEO plugin. -->","yoast_head_json":{"title":"Let's unite! The euPrevent PROFILE project partners in the Meuse-Rhine Euregion - euPrevent","robots":{"index":"index","follow":"follow","max-snippet":"max-snippet:-1","max-image-preview":"max-image-preview:large","max-video-preview":"max-video-preview:-1"},"canonical":"https:\/\/euprevent.eu\/fr\/lets-unite-the-euprevent-profile-project-partners-in-the-meuse-rhine-euregion\/","og_locale":"fr_FR","og_type":"article","og_title":"Let's unite! The euPrevent PROFILE project partners in the Meuse-Rhine Euregion - euPrevent","og_description":"[vc_row][vc_column][vc_column_text]Ce projet est une collaboration entre diff\u00e9rents partenaires de l&rsquo;Euregion Meuse-Rhin (EMR). En savoir plus sur eux ici ![\/vc_column_text][vc_row_inner][vc_column_inner width=\u00a0\u00bb1\/3&Prime;][vc_single_image image=\u00a0\u00bb16282&Prime; img_size=\u00a0\u00bbfull\u00a0\u00bb onclick=\u00a0\u00bbcustom_link\u00a0\u00bb img_link_target=\u00a0\u00bb_blank\u00a0\u00bb link=\u00a0\u00bbhttps:\/\/www.alzheimercentrumlimburg.nl\/maatschappelijk\/euregionaal-project-euprevent-profile\u00a0\u00bb][\/vc_column_inner][vc_column_inner width=\u00a0\u00bb2\/3&Prime;][vc_column_text] Universit\u00e9 de Maastricht L&rsquo;Universit\u00e9 de Maastricht (UM) est connue pour son caract\u00e8re international, son mod\u00e8le d&rsquo;\u00e9ducation innovant, son approche multidisciplinaire de la recherche et de l&rsquo;\u00e9ducation, et l&rsquo;accent mis [&hellip;]","og_url":"https:\/\/euprevent.eu\/fr\/lets-unite-the-euprevent-profile-project-partners-in-the-meuse-rhine-euregion\/","og_site_name":"euPrevent","article_published_time":"2021-12-10T08:00:53+00:00","article_modified_time":"2021-12-10T10:16:58+00:00","og_image":[{"width":642,"height":584,"url":"https:\/\/euprevent.eu\/wp-content\/uploads\/2018\/12\/EMR-kleurrijk.jpg","type":"image\/jpeg"}],"author":"Communication euPrevent","twitter_card":"summary_large_image","twitter_misc":{"\u00c9crit par":"Communication euPrevent","Dur\u00e9e de lecture estim\u00e9e":"8 minutes"},"schema":{"@context":"https:\/\/schema.org","@graph":[{"@type":"Article","@id":"https:\/\/euprevent.eu\/fr\/lets-unite-the-euprevent-profile-project-partners-in-the-meuse-rhine-euregion\/#article","isPartOf":{"@id":"https:\/\/euprevent.eu\/fr\/lets-unite-the-euprevent-profile-project-partners-in-the-meuse-rhine-euregion\/"},"author":{"name":"Communication euPrevent","@id":"https:\/\/euprevent.eu\/fr\/#\/schema\/person\/c78f5e651f86d51d78976d2651a60b8b"},"headline":"Let&rsquo;s unite! The euPrevent PROFILE project partners in the Meuse-Rhine Euregion","datePublished":"2021-12-10T08:00:53+00:00","dateModified":"2021-12-10T10:16:58+00:00","mainEntityOfPage":{"@id":"https:\/\/euprevent.eu\/fr\/lets-unite-the-euprevent-profile-project-partners-in-the-meuse-rhine-euregion\/"},"wordCount":1707,"image":{"@id":"https:\/\/euprevent.eu\/fr\/lets-unite-the-euprevent-profile-project-partners-in-the-meuse-rhine-euregion\/#primaryimage"},"thumbnailUrl":"https:\/\/euprevent.eu\/wp-content\/uploads\/2018\/12\/EMR-kleurrijk.jpg","articleSection":["Non classifi\u00e9(e)"],"inLanguage":"fr-FR"},{"@type":"WebPage","@id":"https:\/\/euprevent.eu\/fr\/lets-unite-the-euprevent-profile-project-partners-in-the-meuse-rhine-euregion\/","url":"https:\/\/euprevent.eu\/fr\/lets-unite-the-euprevent-profile-project-partners-in-the-meuse-rhine-euregion\/","name":"Let's unite! The euPrevent PROFILE project partners in the Meuse-Rhine Euregion - euPrevent","isPartOf":{"@id":"https:\/\/euprevent.eu\/fr\/#website"},"primaryImageOfPage":{"@id":"https:\/\/euprevent.eu\/fr\/lets-unite-the-euprevent-profile-project-partners-in-the-meuse-rhine-euregion\/#primaryimage"},"image":{"@id":"https:\/\/euprevent.eu\/fr\/lets-unite-the-euprevent-profile-project-partners-in-the-meuse-rhine-euregion\/#primaryimage"},"thumbnailUrl":"https:\/\/euprevent.eu\/wp-content\/uploads\/2018\/12\/EMR-kleurrijk.jpg","datePublished":"2021-12-10T08:00:53+00:00","dateModified":"2021-12-10T10:16:58+00:00","author":{"@id":"https:\/\/euprevent.eu\/fr\/#\/schema\/person\/c78f5e651f86d51d78976d2651a60b8b"},"breadcrumb":{"@id":"https:\/\/euprevent.eu\/fr\/lets-unite-the-euprevent-profile-project-partners-in-the-meuse-rhine-euregion\/#breadcrumb"},"inLanguage":"fr-FR","potentialAction":[{"@type":"ReadAction","target":["https:\/\/euprevent.eu\/fr\/lets-unite-the-euprevent-profile-project-partners-in-the-meuse-rhine-euregion\/"]}]},{"@type":"ImageObject","inLanguage":"fr-FR","@id":"https:\/\/euprevent.eu\/fr\/lets-unite-the-euprevent-profile-project-partners-in-the-meuse-rhine-euregion\/#primaryimage","url":"https:\/\/euprevent.eu\/wp-content\/uploads\/2018\/12\/EMR-kleurrijk.jpg","contentUrl":"https:\/\/euprevent.eu\/wp-content\/uploads\/2018\/12\/EMR-kleurrijk.jpg","width":642,"height":584},{"@type":"BreadcrumbList","@id":"https:\/\/euprevent.eu\/fr\/lets-unite-the-euprevent-profile-project-partners-in-the-meuse-rhine-euregion\/#breadcrumb","itemListElement":[{"@type":"ListItem","position":1,"name":"Home","item":"https:\/\/euprevent.eu\/fr\/"},{"@type":"ListItem","position":2,"name":"Let&#8217;s unite! The euPrevent PROFILE project partners in the Meuse-Rhine Euregion"}]},{"@type":"WebSite","@id":"https:\/\/euprevent.eu\/fr\/#website","url":"https:\/\/euprevent.eu\/fr\/","name":"euPrevent","description":"euPrevent is a Euroregional network that focuses on promoting health. Within this network, sustainable partnerships seek to increase the quality of life of residents in the border region between the Netherlands, Belgium and Germany.","potentialAction":[{"@type":"SearchAction","target":{"@type":"EntryPoint","urlTemplate":"https:\/\/euprevent.eu\/fr\/?s={search_term_string}"},"query-input":{"@type":"PropertyValueSpecification","valueRequired":true,"valueName":"search_term_string"}}],"inLanguage":"fr-FR"},{"@type":"Person","@id":"https:\/\/euprevent.eu\/fr\/#\/schema\/person\/c78f5e651f86d51d78976d2651a60b8b","name":"Communication euPrevent"}]}},"_links":{"self":[{"href":"https:\/\/euprevent.eu\/fr\/wp-json\/wp\/v2\/posts\/16549","targetHints":{"allow":["GET"]}}],"collection":[{"href":"https:\/\/euprevent.eu\/fr\/wp-json\/wp\/v2\/posts"}],"about":[{"href":"https:\/\/euprevent.eu\/fr\/wp-json\/wp\/v2\/types\/post"}],"author":[{"embeddable":true,"href":"https:\/\/euprevent.eu\/fr\/wp-json\/wp\/v2\/users\/3"}],"replies":[{"embeddable":true,"href":"https:\/\/euprevent.eu\/fr\/wp-json\/wp\/v2\/comments?post=16549"}],"version-history":[{"count":5,"href":"https:\/\/euprevent.eu\/fr\/wp-json\/wp\/v2\/posts\/16549\/revisions"}],"predecessor-version":[{"id":16580,"href":"https:\/\/euprevent.eu\/fr\/wp-json\/wp\/v2\/posts\/16549\/revisions\/16580"}],"wp:featuredmedia":[{"embeddable":true,"href":"https:\/\/euprevent.eu\/fr\/wp-json\/wp\/v2\/media\/6910"}],"wp:attachment":[{"href":"https:\/\/euprevent.eu\/fr\/wp-json\/wp\/v2\/media?parent=16549"}],"wp:term":[{"taxonomy":"category","embeddable":true,"href":"https:\/\/euprevent.eu\/fr\/wp-json\/wp\/v2\/categories?post=16549"},{"taxonomy":"post_tag","embeddable":true,"href":"https:\/\/euprevent.eu\/fr\/wp-json\/wp\/v2\/tags?post=16549"}],"curies":[{"name":"wp","href":"https:\/\/api.w.org\/{rel}","templated":true}]}}