


{"id":15445,"date":"2021-09-23T12:50:07","date_gmt":"2021-09-23T11:50:07","guid":{"rendered":"https:\/\/euprevent.eu\/?p=15445"},"modified":"2022-01-03T11:15:20","modified_gmt":"2022-01-03T10:15:20","slug":"deuxieme-serie-de-sommets-citoyens-sur-les-experiences-de-covid-19","status":"publish","type":"post","link":"https:\/\/euprevent.eu\/fr\/deuxieme-serie-de-sommets-citoyens-sur-les-experiences-de-covid-19\/","title":{"rendered":"Deuxi\u00e8me s\u00e9rie de sommets citoyens sur les exp\u00e9riences de COVID-19"},"content":{"rendered":"<section class=\"wpb-content-wrapper\"><p>[vc_row][vc_column][vc_column_text]\u00a0\u00bbComment \u00e9tait votre vie durant la derni\u00e8re p\u00e9riode depuis que Corona a frapp\u00e9 l&rsquo;Europe ?\u00a0\u00bb \u00ab\u00a0Avez-vous \u00e9t\u00e9 vaccin\u00e9 et souhaitez-vous l&rsquo;\u00eatre ? Pensez-vous que nous devrions faire de la vaccination une obligation pour certaines professions ? Voulez-vous faire la piq\u00fbre de rappel ?\u00a0\u00bb<\/p>\n<p>Une deuxi\u00e8me s\u00e9rie de sommets citoyens sur les exp\u00e9riences v\u00e9cues pendant le temps corona a lieu en septembre. Il est int\u00e9ressant de noter, d&rsquo;apr\u00e8s les r\u00e9actions des citoyens, que la plupart d&rsquo;entre eux essaient de rester positifs alors qu&rsquo;ils sont en perte de motivation. La campagne de vaccination se d\u00e9roulant dans tous les pays europ\u00e9ens, la question de la vaccination est devenue l&rsquo;un des th\u00e8mes centraux de l&rsquo;\u00e9v\u00e9nement.<\/p>\n<p>Le sommet citoyen a \u00e9t\u00e9 cr\u00e9\u00e9 \u00e0 l&rsquo;origine comme une plateforme permettant aux citoyens de faire entendre leur voix, et maintenant il attire l&rsquo;attention \u00e0 diff\u00e9rents niveaux : Le Dr Norbert Schnitzler (chef du bureau de la sant\u00e9 du district de D\u00fcren) \u00e9tait pr\u00e9sent lors de l&rsquo;\u00e9v\u00e9nement citoyen organis\u00e9 \u00e0 D\u00fcren le 4 septembre, et le ministre Antonios Antoniadis (vice-ministre-pr\u00e9sident du minist\u00e8re de la sant\u00e9 et des affaires sociales, du d\u00e9veloppement r\u00e9gional et du logement) \u00e9tait pr\u00e9sent au sommet citoyen d&rsquo;Eupen du 18 septembre.<\/p>\n<p>Certains citoyens n&rsquo;ont pas pu participer \u00e0 l&rsquo;\u00e9v\u00e9nement num\u00e9rique en raison de restrictions physiques ou personnelles, mais ont volontiers partag\u00e9 leurs exp\u00e9riences par \u00e9crit avec les experts d&rsquo;EPECS (European Patients Empowerment for Customised Solutions). Cela montre que les groupes d\u00e9favoris\u00e9s qui ne sont pas concern\u00e9s par les politiques doivent faire l&rsquo;objet d&rsquo;une attention particuli\u00e8re de la part des d\u00e9cideurs politiques.<\/p>\n<p>Le dernier sommet des citoyens dans le cadre de ce projet euPrevent COVID-19 sera organis\u00e9 le 25 septembre, pour les citoyens de Maastricht. Si vous \u00eates int\u00e9ress\u00e9, veuillez consulter le site web: <a href=\"https:\/\/euprevent.eu\/fr\/summits-covid\/\">https:\/\/euprevent.eu\/fr\/summits-covid\/<\/a>.[\/vc_column_text][\/vc_column][\/vc_row]<\/p>\n<\/section>","protected":false},"excerpt":{"rendered":"<p>[vc_row][vc_column][vc_column_text]\u00a0\u00bbComment \u00e9tait votre vie durant la derni\u00e8re p\u00e9riode depuis que Corona a frapp\u00e9 l&rsquo;Europe ?\u00a0\u00bb \u00ab\u00a0Avez-vous \u00e9t\u00e9 vaccin\u00e9 et souhaitez-vous l&rsquo;\u00eatre ? Pensez-vous que nous devrions faire de la vaccination une obligation pour certaines professions ? Voulez-vous faire la piq\u00fbre de rappel ?\u00a0\u00bb Une deuxi\u00e8me s\u00e9rie de sommets citoyens sur les exp\u00e9riences v\u00e9cues pendant le [&hellip;]<\/p>\n","protected":false},"author":3,"featured_media":15101,"comment_status":"closed","ping_status":"closed","sticky":false,"template":"","format":"standard","meta":{"_acf_changed":false,"footnotes":""},"categories":[24],"tags":[],"class_list":["post-15445","post","type-post","status-publish","format-standard","has-post-thumbnail","hentry","category-non-classifiee","programmes-infectious-diseases","projects-project-covid-19"],"acf":[],"yoast_head":"<!-- This site is optimized with the Yoast SEO plugin v27.5 - https:\/\/yoast.com\/product\/yoast-seo-wordpress\/ -->\n<title>Deuxi\u00e8me s\u00e9rie de sommets citoyens sur les exp\u00e9riences de COVID-19 - euPrevent<\/title>\n<meta name=\"robots\" content=\"index, follow, max-snippet:-1, max-image-preview:large, max-video-preview:-1\" \/>\n<link rel=\"canonical\" href=\"https:\/\/euprevent.eu\/fr\/deuxieme-serie-de-sommets-citoyens-sur-les-experiences-de-covid-19\/\" \/>\n<meta property=\"og:locale\" content=\"fr_FR\" \/>\n<meta property=\"og:type\" content=\"article\" \/>\n<meta property=\"og:title\" content=\"Deuxi\u00e8me s\u00e9rie de sommets citoyens sur les exp\u00e9riences de COVID-19 - euPrevent\" \/>\n<meta property=\"og:description\" content=\"[vc_row][vc_column][vc_column_text]\u00a0\u00bbComment \u00e9tait votre vie durant la derni\u00e8re p\u00e9riode depuis que Corona a frapp\u00e9 l&rsquo;Europe ?\u00a0\u00bb \u00ab\u00a0Avez-vous \u00e9t\u00e9 vaccin\u00e9 et souhaitez-vous l&rsquo;\u00eatre ? Pensez-vous que nous devrions faire de la vaccination une obligation pour certaines professions ? Voulez-vous faire la piq\u00fbre de rappel ?\u00a0\u00bb Une deuxi\u00e8me s\u00e9rie de sommets citoyens sur les exp\u00e9riences v\u00e9cues pendant le [&hellip;]\" \/>\n<meta property=\"og:url\" content=\"https:\/\/euprevent.eu\/fr\/deuxieme-serie-de-sommets-citoyens-sur-les-experiences-de-covid-19\/\" \/>\n<meta property=\"og:site_name\" content=\"euPrevent\" \/>\n<meta property=\"article:published_time\" content=\"2021-09-23T11:50:07+00:00\" \/>\n<meta property=\"article:modified_time\" content=\"2022-01-03T10:15:20+00:00\" \/>\n<meta property=\"og:image\" content=\"https:\/\/euprevent.eu\/wp-content\/uploads\/2021\/06\/euPrevent-Twitter-COVID-CS-Maastricht-news-1.png\" \/>\n\t<meta property=\"og:image:width\" content=\"1600\" \/>\n\t<meta property=\"og:image:height\" content=\"700\" \/>\n\t<meta property=\"og:image:type\" content=\"image\/png\" \/>\n<meta name=\"author\" content=\"Communication euPrevent\" \/>\n<meta name=\"twitter:card\" content=\"summary_large_image\" \/>\n<meta name=\"twitter:label1\" content=\"\u00c9crit par\" \/>\n\t<meta name=\"twitter:data1\" content=\"Communication euPrevent\" \/>\n\t<meta name=\"twitter:label2\" content=\"Dur\u00e9e de lecture estim\u00e9e\" \/>\n\t<meta name=\"twitter:data2\" content=\"2 minutes\" \/>\n<script type=\"application\/ld+json\" class=\"yoast-schema-graph\">{\"@context\":\"https:\\\/\\\/schema.org\",\"@graph\":[{\"@type\":\"Article\",\"@id\":\"https:\\\/\\\/euprevent.eu\\\/fr\\\/deuxieme-serie-de-sommets-citoyens-sur-les-experiences-de-covid-19\\\/#article\",\"isPartOf\":{\"@id\":\"https:\\\/\\\/euprevent.eu\\\/fr\\\/deuxieme-serie-de-sommets-citoyens-sur-les-experiences-de-covid-19\\\/\"},\"author\":{\"name\":\"Communication euPrevent\",\"@id\":\"https:\\\/\\\/euprevent.eu\\\/fr\\\/#\\\/schema\\\/person\\\/c78f5e651f86d51d78976d2651a60b8b\"},\"headline\":\"Deuxi\u00e8me s\u00e9rie de sommets citoyens sur les exp\u00e9riences de COVID-19\",\"datePublished\":\"2021-09-23T11:50:07+00:00\",\"dateModified\":\"2022-01-03T10:15:20+00:00\",\"mainEntityOfPage\":{\"@id\":\"https:\\\/\\\/euprevent.eu\\\/fr\\\/deuxieme-serie-de-sommets-citoyens-sur-les-experiences-de-covid-19\\\/\"},\"wordCount\":344,\"image\":{\"@id\":\"https:\\\/\\\/euprevent.eu\\\/fr\\\/deuxieme-serie-de-sommets-citoyens-sur-les-experiences-de-covid-19\\\/#primaryimage\"},\"thumbnailUrl\":\"https:\\\/\\\/euprevent.eu\\\/wp-content\\\/uploads\\\/2021\\\/06\\\/euPrevent-Twitter-COVID-CS-Maastricht-news-1.png\",\"articleSection\":[\"Non classifi\u00e9(e)\"],\"inLanguage\":\"fr-FR\"},{\"@type\":\"WebPage\",\"@id\":\"https:\\\/\\\/euprevent.eu\\\/fr\\\/deuxieme-serie-de-sommets-citoyens-sur-les-experiences-de-covid-19\\\/\",\"url\":\"https:\\\/\\\/euprevent.eu\\\/fr\\\/deuxieme-serie-de-sommets-citoyens-sur-les-experiences-de-covid-19\\\/\",\"name\":\"Deuxi\u00e8me s\u00e9rie de sommets citoyens sur les exp\u00e9riences de COVID-19 - euPrevent\",\"isPartOf\":{\"@id\":\"https:\\\/\\\/euprevent.eu\\\/fr\\\/#website\"},\"primaryImageOfPage\":{\"@id\":\"https:\\\/\\\/euprevent.eu\\\/fr\\\/deuxieme-serie-de-sommets-citoyens-sur-les-experiences-de-covid-19\\\/#primaryimage\"},\"image\":{\"@id\":\"https:\\\/\\\/euprevent.eu\\\/fr\\\/deuxieme-serie-de-sommets-citoyens-sur-les-experiences-de-covid-19\\\/#primaryimage\"},\"thumbnailUrl\":\"https:\\\/\\\/euprevent.eu\\\/wp-content\\\/uploads\\\/2021\\\/06\\\/euPrevent-Twitter-COVID-CS-Maastricht-news-1.png\",\"datePublished\":\"2021-09-23T11:50:07+00:00\",\"dateModified\":\"2022-01-03T10:15:20+00:00\",\"author\":{\"@id\":\"https:\\\/\\\/euprevent.eu\\\/fr\\\/#\\\/schema\\\/person\\\/c78f5e651f86d51d78976d2651a60b8b\"},\"breadcrumb\":{\"@id\":\"https:\\\/\\\/euprevent.eu\\\/fr\\\/deuxieme-serie-de-sommets-citoyens-sur-les-experiences-de-covid-19\\\/#breadcrumb\"},\"inLanguage\":\"fr-FR\",\"potentialAction\":[{\"@type\":\"ReadAction\",\"target\":[\"https:\\\/\\\/euprevent.eu\\\/fr\\\/deuxieme-serie-de-sommets-citoyens-sur-les-experiences-de-covid-19\\\/\"]}]},{\"@type\":\"ImageObject\",\"inLanguage\":\"fr-FR\",\"@id\":\"https:\\\/\\\/euprevent.eu\\\/fr\\\/deuxieme-serie-de-sommets-citoyens-sur-les-experiences-de-covid-19\\\/#primaryimage\",\"url\":\"https:\\\/\\\/euprevent.eu\\\/wp-content\\\/uploads\\\/2021\\\/06\\\/euPrevent-Twitter-COVID-CS-Maastricht-news-1.png\",\"contentUrl\":\"https:\\\/\\\/euprevent.eu\\\/wp-content\\\/uploads\\\/2021\\\/06\\\/euPrevent-Twitter-COVID-CS-Maastricht-news-1.png\",\"width\":1600,\"height\":700},{\"@type\":\"BreadcrumbList\",\"@id\":\"https:\\\/\\\/euprevent.eu\\\/fr\\\/deuxieme-serie-de-sommets-citoyens-sur-les-experiences-de-covid-19\\\/#breadcrumb\",\"itemListElement\":[{\"@type\":\"ListItem\",\"position\":1,\"name\":\"Home\",\"item\":\"https:\\\/\\\/euprevent.eu\\\/fr\\\/\"},{\"@type\":\"ListItem\",\"position\":2,\"name\":\"Deuxi\u00e8me s\u00e9rie de sommets citoyens sur les exp\u00e9riences de COVID-19\"}]},{\"@type\":\"WebSite\",\"@id\":\"https:\\\/\\\/euprevent.eu\\\/fr\\\/#website\",\"url\":\"https:\\\/\\\/euprevent.eu\\\/fr\\\/\",\"name\":\"euPrevent\",\"description\":\"euPrevent is a Euroregional network that focuses on promoting health. Within this network, sustainable partnerships seek to increase the quality of life of residents in the border region between the Netherlands, Belgium and Germany.\",\"potentialAction\":[{\"@type\":\"SearchAction\",\"target\":{\"@type\":\"EntryPoint\",\"urlTemplate\":\"https:\\\/\\\/euprevent.eu\\\/fr\\\/?s={search_term_string}\"},\"query-input\":{\"@type\":\"PropertyValueSpecification\",\"valueRequired\":true,\"valueName\":\"search_term_string\"}}],\"inLanguage\":\"fr-FR\"},{\"@type\":\"Person\",\"@id\":\"https:\\\/\\\/euprevent.eu\\\/fr\\\/#\\\/schema\\\/person\\\/c78f5e651f86d51d78976d2651a60b8b\",\"name\":\"Communication euPrevent\"}]}<\/script>\n<!-- \/ Yoast SEO plugin. -->","yoast_head_json":{"title":"Deuxi\u00e8me s\u00e9rie de sommets citoyens sur les exp\u00e9riences de COVID-19 - euPrevent","robots":{"index":"index","follow":"follow","max-snippet":"max-snippet:-1","max-image-preview":"max-image-preview:large","max-video-preview":"max-video-preview:-1"},"canonical":"https:\/\/euprevent.eu\/fr\/deuxieme-serie-de-sommets-citoyens-sur-les-experiences-de-covid-19\/","og_locale":"fr_FR","og_type":"article","og_title":"Deuxi\u00e8me s\u00e9rie de sommets citoyens sur les exp\u00e9riences de COVID-19 - euPrevent","og_description":"[vc_row][vc_column][vc_column_text]\u00a0\u00bbComment \u00e9tait votre vie durant la derni\u00e8re p\u00e9riode depuis que Corona a frapp\u00e9 l&rsquo;Europe ?\u00a0\u00bb \u00ab\u00a0Avez-vous \u00e9t\u00e9 vaccin\u00e9 et souhaitez-vous l&rsquo;\u00eatre ? Pensez-vous que nous devrions faire de la vaccination une obligation pour certaines professions ? Voulez-vous faire la piq\u00fbre de rappel ?\u00a0\u00bb Une deuxi\u00e8me s\u00e9rie de sommets citoyens sur les exp\u00e9riences v\u00e9cues pendant le [&hellip;]","og_url":"https:\/\/euprevent.eu\/fr\/deuxieme-serie-de-sommets-citoyens-sur-les-experiences-de-covid-19\/","og_site_name":"euPrevent","article_published_time":"2021-09-23T11:50:07+00:00","article_modified_time":"2022-01-03T10:15:20+00:00","og_image":[{"width":1600,"height":700,"url":"https:\/\/euprevent.eu\/wp-content\/uploads\/2021\/06\/euPrevent-Twitter-COVID-CS-Maastricht-news-1.png","type":"image\/png"}],"author":"Communication euPrevent","twitter_card":"summary_large_image","twitter_misc":{"\u00c9crit par":"Communication euPrevent","Dur\u00e9e de lecture estim\u00e9e":"2 minutes"},"schema":{"@context":"https:\/\/schema.org","@graph":[{"@type":"Article","@id":"https:\/\/euprevent.eu\/fr\/deuxieme-serie-de-sommets-citoyens-sur-les-experiences-de-covid-19\/#article","isPartOf":{"@id":"https:\/\/euprevent.eu\/fr\/deuxieme-serie-de-sommets-citoyens-sur-les-experiences-de-covid-19\/"},"author":{"name":"Communication euPrevent","@id":"https:\/\/euprevent.eu\/fr\/#\/schema\/person\/c78f5e651f86d51d78976d2651a60b8b"},"headline":"Deuxi\u00e8me s\u00e9rie de sommets citoyens sur les exp\u00e9riences de COVID-19","datePublished":"2021-09-23T11:50:07+00:00","dateModified":"2022-01-03T10:15:20+00:00","mainEntityOfPage":{"@id":"https:\/\/euprevent.eu\/fr\/deuxieme-serie-de-sommets-citoyens-sur-les-experiences-de-covid-19\/"},"wordCount":344,"image":{"@id":"https:\/\/euprevent.eu\/fr\/deuxieme-serie-de-sommets-citoyens-sur-les-experiences-de-covid-19\/#primaryimage"},"thumbnailUrl":"https:\/\/euprevent.eu\/wp-content\/uploads\/2021\/06\/euPrevent-Twitter-COVID-CS-Maastricht-news-1.png","articleSection":["Non classifi\u00e9(e)"],"inLanguage":"fr-FR"},{"@type":"WebPage","@id":"https:\/\/euprevent.eu\/fr\/deuxieme-serie-de-sommets-citoyens-sur-les-experiences-de-covid-19\/","url":"https:\/\/euprevent.eu\/fr\/deuxieme-serie-de-sommets-citoyens-sur-les-experiences-de-covid-19\/","name":"Deuxi\u00e8me s\u00e9rie de sommets citoyens sur les exp\u00e9riences de COVID-19 - euPrevent","isPartOf":{"@id":"https:\/\/euprevent.eu\/fr\/#website"},"primaryImageOfPage":{"@id":"https:\/\/euprevent.eu\/fr\/deuxieme-serie-de-sommets-citoyens-sur-les-experiences-de-covid-19\/#primaryimage"},"image":{"@id":"https:\/\/euprevent.eu\/fr\/deuxieme-serie-de-sommets-citoyens-sur-les-experiences-de-covid-19\/#primaryimage"},"thumbnailUrl":"https:\/\/euprevent.eu\/wp-content\/uploads\/2021\/06\/euPrevent-Twitter-COVID-CS-Maastricht-news-1.png","datePublished":"2021-09-23T11:50:07+00:00","dateModified":"2022-01-03T10:15:20+00:00","author":{"@id":"https:\/\/euprevent.eu\/fr\/#\/schema\/person\/c78f5e651f86d51d78976d2651a60b8b"},"breadcrumb":{"@id":"https:\/\/euprevent.eu\/fr\/deuxieme-serie-de-sommets-citoyens-sur-les-experiences-de-covid-19\/#breadcrumb"},"inLanguage":"fr-FR","potentialAction":[{"@type":"ReadAction","target":["https:\/\/euprevent.eu\/fr\/deuxieme-serie-de-sommets-citoyens-sur-les-experiences-de-covid-19\/"]}]},{"@type":"ImageObject","inLanguage":"fr-FR","@id":"https:\/\/euprevent.eu\/fr\/deuxieme-serie-de-sommets-citoyens-sur-les-experiences-de-covid-19\/#primaryimage","url":"https:\/\/euprevent.eu\/wp-content\/uploads\/2021\/06\/euPrevent-Twitter-COVID-CS-Maastricht-news-1.png","contentUrl":"https:\/\/euprevent.eu\/wp-content\/uploads\/2021\/06\/euPrevent-Twitter-COVID-CS-Maastricht-news-1.png","width":1600,"height":700},{"@type":"BreadcrumbList","@id":"https:\/\/euprevent.eu\/fr\/deuxieme-serie-de-sommets-citoyens-sur-les-experiences-de-covid-19\/#breadcrumb","itemListElement":[{"@type":"ListItem","position":1,"name":"Home","item":"https:\/\/euprevent.eu\/fr\/"},{"@type":"ListItem","position":2,"name":"Deuxi\u00e8me s\u00e9rie de sommets citoyens sur les exp\u00e9riences de COVID-19"}]},{"@type":"WebSite","@id":"https:\/\/euprevent.eu\/fr\/#website","url":"https:\/\/euprevent.eu\/fr\/","name":"euPrevent","description":"euPrevent is a Euroregional network that focuses on promoting health. Within this network, sustainable partnerships seek to increase the quality of life of residents in the border region between the Netherlands, Belgium and Germany.","potentialAction":[{"@type":"SearchAction","target":{"@type":"EntryPoint","urlTemplate":"https:\/\/euprevent.eu\/fr\/?s={search_term_string}"},"query-input":{"@type":"PropertyValueSpecification","valueRequired":true,"valueName":"search_term_string"}}],"inLanguage":"fr-FR"},{"@type":"Person","@id":"https:\/\/euprevent.eu\/fr\/#\/schema\/person\/c78f5e651f86d51d78976d2651a60b8b","name":"Communication euPrevent"}]}},"_links":{"self":[{"href":"https:\/\/euprevent.eu\/fr\/wp-json\/wp\/v2\/posts\/15445","targetHints":{"allow":["GET"]}}],"collection":[{"href":"https:\/\/euprevent.eu\/fr\/wp-json\/wp\/v2\/posts"}],"about":[{"href":"https:\/\/euprevent.eu\/fr\/wp-json\/wp\/v2\/types\/post"}],"author":[{"embeddable":true,"href":"https:\/\/euprevent.eu\/fr\/wp-json\/wp\/v2\/users\/3"}],"replies":[{"embeddable":true,"href":"https:\/\/euprevent.eu\/fr\/wp-json\/wp\/v2\/comments?post=15445"}],"version-history":[{"count":3,"href":"https:\/\/euprevent.eu\/fr\/wp-json\/wp\/v2\/posts\/15445\/revisions"}],"predecessor-version":[{"id":15450,"href":"https:\/\/euprevent.eu\/fr\/wp-json\/wp\/v2\/posts\/15445\/revisions\/15450"}],"wp:featuredmedia":[{"embeddable":true,"href":"https:\/\/euprevent.eu\/fr\/wp-json\/wp\/v2\/media\/15101"}],"wp:attachment":[{"href":"https:\/\/euprevent.eu\/fr\/wp-json\/wp\/v2\/media?parent=15445"}],"wp:term":[{"taxonomy":"category","embeddable":true,"href":"https:\/\/euprevent.eu\/fr\/wp-json\/wp\/v2\/categories?post=15445"},{"taxonomy":"post_tag","embeddable":true,"href":"https:\/\/euprevent.eu\/fr\/wp-json\/wp\/v2\/tags?post=15445"}],"curies":[{"name":"wp","href":"https:\/\/api.w.org\/{rel}","templated":true}]}}