


{"id":15168,"date":"2021-06-28T12:45:58","date_gmt":"2021-06-28T12:45:58","guid":{"rendered":"https:\/\/euprevent.eu\/?p=15168"},"modified":"2021-06-28T12:45:58","modified_gmt":"2021-06-28T12:45:58","slug":"missed-the-conference-euregional-cooperation-and-health-watch-now","status":"publish","type":"post","link":"https:\/\/euprevent.eu\/fr\/missed-the-conference-euregional-cooperation-and-health-watch-now\/","title":{"rendered":"Missed the conference &lsquo;Euregional cooperation and Health&rsquo;? Watch now"},"content":{"rendered":"<section class=\"wpb-content-wrapper\"><p>[vc_row][vc_column][vc_column_text]Municipalities. Healthcare. Euregional cooperation. There is much to be said about all three, but what if they are linked? Do they have to be? What is the point? If you want to do &lsquo;something&rsquo; as a municipality, what should it look like?<\/p>\n<p>On 10 June, the meeting &lsquo;Euregional cooperation and health&rsquo; took place. In various sessions, participants were introduced to Euregional cooperation and what it does to youth health care, informal care and COVID-19. The participants were also introduced to positive health and its importance for municipalities.<\/p>\n<p>Did you miss the conference and would you like to listen to parts of it? The introduction and the cases are now online![\/vc_column_text][vc_btn title=\u00a0\u00bbWatch now\u00a0\u00bb color=\u00a0\u00bbprimary\u00a0\u00bb link=\u00a0\u00bburl:https%3A%2F%2Fwww.youtube.com%2Fplaylist%3Flist%3DPLE1_mEiZSJCXcYQz2INqRAVAiKgpgxHgG\u00a0\u00bb][\/vc_column][\/vc_row][vc_row][vc_column][vc_column_text]This meeting was organised in the framework of the Euregional Knowledge Broker by euPrevent, commissioned by the Province of Limburg and in cooperation with Stichting Geen Grens and Beweging Limburg Positief Gezond. Read more about the Euregional Knowledge Broker Health, Vitality and Participation <a href=\"https:\/\/euprevent.eu\/euregional-knowledge-broker\/\">here<\/a>.[\/vc_column_text][\/vc_column][\/vc_row]<\/p>\n<\/section>","protected":false},"excerpt":{"rendered":"<p>[vc_row][vc_column][vc_column_text]Municipalities. Healthcare. Euregional cooperation. There is much to be said about all three, but what if they are linked? Do they have to be? What is the point? If you want to do &lsquo;something&rsquo; as a municipality, what should it look like? On 10 June, the meeting &lsquo;Euregional cooperation and health&rsquo; took place. In various [&hellip;]<\/p>\n","protected":false},"author":3,"featured_media":15162,"comment_status":"closed","ping_status":"closed","sticky":false,"template":"","format":"standard","meta":{"_acf_changed":false,"footnotes":""},"categories":[24],"tags":[],"class_list":["post-15168","post","type-post","status-publish","format-standard","has-post-thumbnail","hentry","category-non-classifiee","programmes-crossing-programmes","projects-project-verkenning"],"acf":[],"yoast_head":"<!-- This site is optimized with the Yoast SEO plugin v27.5 - https:\/\/yoast.com\/product\/yoast-seo-wordpress\/ -->\n<title>Missed the conference &#039;Euregional cooperation and Health&#039;? Watch now - euPrevent<\/title>\n<meta name=\"robots\" content=\"index, follow, max-snippet:-1, max-image-preview:large, max-video-preview:-1\" \/>\n<link rel=\"canonical\" href=\"https:\/\/euprevent.eu\/fr\/missed-the-conference-euregional-cooperation-and-health-watch-now\/\" \/>\n<meta property=\"og:locale\" content=\"fr_FR\" \/>\n<meta property=\"og:type\" content=\"article\" \/>\n<meta property=\"og:title\" content=\"Missed the conference &#039;Euregional cooperation and Health&#039;? Watch now - euPrevent\" \/>\n<meta property=\"og:description\" content=\"[vc_row][vc_column][vc_column_text]Municipalities. Healthcare. Euregional cooperation. There is much to be said about all three, but what if they are linked? Do they have to be? What is the point? If you want to do &lsquo;something&rsquo; as a municipality, what should it look like? On 10 June, the meeting &lsquo;Euregional cooperation and health&rsquo; took place. In various [&hellip;]\" \/>\n<meta property=\"og:url\" content=\"https:\/\/euprevent.eu\/fr\/missed-the-conference-euregional-cooperation-and-health-watch-now\/\" \/>\n<meta property=\"og:site_name\" content=\"euPrevent\" \/>\n<meta property=\"article:published_time\" content=\"2021-06-28T12:45:58+00:00\" \/>\n<meta property=\"og:image\" content=\"https:\/\/euprevent.eu\/wp-content\/uploads\/2021\/06\/0.jpg\" \/>\n\t<meta property=\"og:image:width\" content=\"480\" \/>\n\t<meta property=\"og:image:height\" content=\"360\" \/>\n\t<meta property=\"og:image:type\" content=\"image\/jpeg\" \/>\n<meta name=\"author\" content=\"Communication euPrevent\" \/>\n<meta name=\"twitter:card\" content=\"summary_large_image\" \/>\n<meta name=\"twitter:label1\" content=\"\u00c9crit par\" \/>\n\t<meta name=\"twitter:data1\" content=\"Communication euPrevent\" \/>\n\t<meta name=\"twitter:label2\" content=\"Dur\u00e9e de lecture estim\u00e9e\" \/>\n\t<meta name=\"twitter:data2\" content=\"1 minute\" \/>\n<script type=\"application\/ld+json\" class=\"yoast-schema-graph\">{\"@context\":\"https:\\\/\\\/schema.org\",\"@graph\":[{\"@type\":\"Article\",\"@id\":\"https:\\\/\\\/euprevent.eu\\\/fr\\\/missed-the-conference-euregional-cooperation-and-health-watch-now\\\/#article\",\"isPartOf\":{\"@id\":\"https:\\\/\\\/euprevent.eu\\\/fr\\\/missed-the-conference-euregional-cooperation-and-health-watch-now\\\/\"},\"author\":{\"name\":\"Communication euPrevent\",\"@id\":\"https:\\\/\\\/euprevent.eu\\\/fr\\\/#\\\/schema\\\/person\\\/c78f5e651f86d51d78976d2651a60b8b\"},\"headline\":\"Missed the conference &lsquo;Euregional cooperation and Health&rsquo;? Watch now\",\"datePublished\":\"2021-06-28T12:45:58+00:00\",\"mainEntityOfPage\":{\"@id\":\"https:\\\/\\\/euprevent.eu\\\/fr\\\/missed-the-conference-euregional-cooperation-and-health-watch-now\\\/\"},\"wordCount\":210,\"image\":{\"@id\":\"https:\\\/\\\/euprevent.eu\\\/fr\\\/missed-the-conference-euregional-cooperation-and-health-watch-now\\\/#primaryimage\"},\"thumbnailUrl\":\"https:\\\/\\\/euprevent.eu\\\/wp-content\\\/uploads\\\/2021\\\/06\\\/0.jpg\",\"articleSection\":[\"Non classifi\u00e9(e)\"],\"inLanguage\":\"fr-FR\"},{\"@type\":\"WebPage\",\"@id\":\"https:\\\/\\\/euprevent.eu\\\/fr\\\/missed-the-conference-euregional-cooperation-and-health-watch-now\\\/\",\"url\":\"https:\\\/\\\/euprevent.eu\\\/fr\\\/missed-the-conference-euregional-cooperation-and-health-watch-now\\\/\",\"name\":\"Missed the conference 'Euregional cooperation and Health'? Watch now - euPrevent\",\"isPartOf\":{\"@id\":\"https:\\\/\\\/euprevent.eu\\\/fr\\\/#website\"},\"primaryImageOfPage\":{\"@id\":\"https:\\\/\\\/euprevent.eu\\\/fr\\\/missed-the-conference-euregional-cooperation-and-health-watch-now\\\/#primaryimage\"},\"image\":{\"@id\":\"https:\\\/\\\/euprevent.eu\\\/fr\\\/missed-the-conference-euregional-cooperation-and-health-watch-now\\\/#primaryimage\"},\"thumbnailUrl\":\"https:\\\/\\\/euprevent.eu\\\/wp-content\\\/uploads\\\/2021\\\/06\\\/0.jpg\",\"datePublished\":\"2021-06-28T12:45:58+00:00\",\"author\":{\"@id\":\"https:\\\/\\\/euprevent.eu\\\/fr\\\/#\\\/schema\\\/person\\\/c78f5e651f86d51d78976d2651a60b8b\"},\"breadcrumb\":{\"@id\":\"https:\\\/\\\/euprevent.eu\\\/fr\\\/missed-the-conference-euregional-cooperation-and-health-watch-now\\\/#breadcrumb\"},\"inLanguage\":\"fr-FR\",\"potentialAction\":[{\"@type\":\"ReadAction\",\"target\":[\"https:\\\/\\\/euprevent.eu\\\/fr\\\/missed-the-conference-euregional-cooperation-and-health-watch-now\\\/\"]}]},{\"@type\":\"ImageObject\",\"inLanguage\":\"fr-FR\",\"@id\":\"https:\\\/\\\/euprevent.eu\\\/fr\\\/missed-the-conference-euregional-cooperation-and-health-watch-now\\\/#primaryimage\",\"url\":\"https:\\\/\\\/euprevent.eu\\\/wp-content\\\/uploads\\\/2021\\\/06\\\/0.jpg\",\"contentUrl\":\"https:\\\/\\\/euprevent.eu\\\/wp-content\\\/uploads\\\/2021\\\/06\\\/0.jpg\",\"width\":480,\"height\":360},{\"@type\":\"BreadcrumbList\",\"@id\":\"https:\\\/\\\/euprevent.eu\\\/fr\\\/missed-the-conference-euregional-cooperation-and-health-watch-now\\\/#breadcrumb\",\"itemListElement\":[{\"@type\":\"ListItem\",\"position\":1,\"name\":\"Home\",\"item\":\"https:\\\/\\\/euprevent.eu\\\/fr\\\/\"},{\"@type\":\"ListItem\",\"position\":2,\"name\":\"Missed the conference &lsquo;Euregional cooperation and Health&rsquo;? Watch now\"}]},{\"@type\":\"WebSite\",\"@id\":\"https:\\\/\\\/euprevent.eu\\\/fr\\\/#website\",\"url\":\"https:\\\/\\\/euprevent.eu\\\/fr\\\/\",\"name\":\"euPrevent\",\"description\":\"euPrevent is a Euroregional network that focuses on promoting health. Within this network, sustainable partnerships seek to increase the quality of life of residents in the border region between the Netherlands, Belgium and Germany.\",\"potentialAction\":[{\"@type\":\"SearchAction\",\"target\":{\"@type\":\"EntryPoint\",\"urlTemplate\":\"https:\\\/\\\/euprevent.eu\\\/fr\\\/?s={search_term_string}\"},\"query-input\":{\"@type\":\"PropertyValueSpecification\",\"valueRequired\":true,\"valueName\":\"search_term_string\"}}],\"inLanguage\":\"fr-FR\"},{\"@type\":\"Person\",\"@id\":\"https:\\\/\\\/euprevent.eu\\\/fr\\\/#\\\/schema\\\/person\\\/c78f5e651f86d51d78976d2651a60b8b\",\"name\":\"Communication euPrevent\"}]}<\/script>\n<!-- \/ Yoast SEO plugin. -->","yoast_head_json":{"title":"Missed the conference 'Euregional cooperation and Health'? Watch now - euPrevent","robots":{"index":"index","follow":"follow","max-snippet":"max-snippet:-1","max-image-preview":"max-image-preview:large","max-video-preview":"max-video-preview:-1"},"canonical":"https:\/\/euprevent.eu\/fr\/missed-the-conference-euregional-cooperation-and-health-watch-now\/","og_locale":"fr_FR","og_type":"article","og_title":"Missed the conference 'Euregional cooperation and Health'? Watch now - euPrevent","og_description":"[vc_row][vc_column][vc_column_text]Municipalities. Healthcare. Euregional cooperation. There is much to be said about all three, but what if they are linked? Do they have to be? What is the point? If you want to do &lsquo;something&rsquo; as a municipality, what should it look like? On 10 June, the meeting &lsquo;Euregional cooperation and health&rsquo; took place. In various [&hellip;]","og_url":"https:\/\/euprevent.eu\/fr\/missed-the-conference-euregional-cooperation-and-health-watch-now\/","og_site_name":"euPrevent","article_published_time":"2021-06-28T12:45:58+00:00","og_image":[{"width":480,"height":360,"url":"https:\/\/euprevent.eu\/wp-content\/uploads\/2021\/06\/0.jpg","type":"image\/jpeg"}],"author":"Communication euPrevent","twitter_card":"summary_large_image","twitter_misc":{"\u00c9crit par":"Communication euPrevent","Dur\u00e9e de lecture estim\u00e9e":"1 minute"},"schema":{"@context":"https:\/\/schema.org","@graph":[{"@type":"Article","@id":"https:\/\/euprevent.eu\/fr\/missed-the-conference-euregional-cooperation-and-health-watch-now\/#article","isPartOf":{"@id":"https:\/\/euprevent.eu\/fr\/missed-the-conference-euregional-cooperation-and-health-watch-now\/"},"author":{"name":"Communication euPrevent","@id":"https:\/\/euprevent.eu\/fr\/#\/schema\/person\/c78f5e651f86d51d78976d2651a60b8b"},"headline":"Missed the conference &lsquo;Euregional cooperation and Health&rsquo;? Watch now","datePublished":"2021-06-28T12:45:58+00:00","mainEntityOfPage":{"@id":"https:\/\/euprevent.eu\/fr\/missed-the-conference-euregional-cooperation-and-health-watch-now\/"},"wordCount":210,"image":{"@id":"https:\/\/euprevent.eu\/fr\/missed-the-conference-euregional-cooperation-and-health-watch-now\/#primaryimage"},"thumbnailUrl":"https:\/\/euprevent.eu\/wp-content\/uploads\/2021\/06\/0.jpg","articleSection":["Non classifi\u00e9(e)"],"inLanguage":"fr-FR"},{"@type":"WebPage","@id":"https:\/\/euprevent.eu\/fr\/missed-the-conference-euregional-cooperation-and-health-watch-now\/","url":"https:\/\/euprevent.eu\/fr\/missed-the-conference-euregional-cooperation-and-health-watch-now\/","name":"Missed the conference 'Euregional cooperation and Health'? Watch now - euPrevent","isPartOf":{"@id":"https:\/\/euprevent.eu\/fr\/#website"},"primaryImageOfPage":{"@id":"https:\/\/euprevent.eu\/fr\/missed-the-conference-euregional-cooperation-and-health-watch-now\/#primaryimage"},"image":{"@id":"https:\/\/euprevent.eu\/fr\/missed-the-conference-euregional-cooperation-and-health-watch-now\/#primaryimage"},"thumbnailUrl":"https:\/\/euprevent.eu\/wp-content\/uploads\/2021\/06\/0.jpg","datePublished":"2021-06-28T12:45:58+00:00","author":{"@id":"https:\/\/euprevent.eu\/fr\/#\/schema\/person\/c78f5e651f86d51d78976d2651a60b8b"},"breadcrumb":{"@id":"https:\/\/euprevent.eu\/fr\/missed-the-conference-euregional-cooperation-and-health-watch-now\/#breadcrumb"},"inLanguage":"fr-FR","potentialAction":[{"@type":"ReadAction","target":["https:\/\/euprevent.eu\/fr\/missed-the-conference-euregional-cooperation-and-health-watch-now\/"]}]},{"@type":"ImageObject","inLanguage":"fr-FR","@id":"https:\/\/euprevent.eu\/fr\/missed-the-conference-euregional-cooperation-and-health-watch-now\/#primaryimage","url":"https:\/\/euprevent.eu\/wp-content\/uploads\/2021\/06\/0.jpg","contentUrl":"https:\/\/euprevent.eu\/wp-content\/uploads\/2021\/06\/0.jpg","width":480,"height":360},{"@type":"BreadcrumbList","@id":"https:\/\/euprevent.eu\/fr\/missed-the-conference-euregional-cooperation-and-health-watch-now\/#breadcrumb","itemListElement":[{"@type":"ListItem","position":1,"name":"Home","item":"https:\/\/euprevent.eu\/fr\/"},{"@type":"ListItem","position":2,"name":"Missed the conference &lsquo;Euregional cooperation and Health&rsquo;? Watch now"}]},{"@type":"WebSite","@id":"https:\/\/euprevent.eu\/fr\/#website","url":"https:\/\/euprevent.eu\/fr\/","name":"euPrevent","description":"euPrevent is a Euroregional network that focuses on promoting health. Within this network, sustainable partnerships seek to increase the quality of life of residents in the border region between the Netherlands, Belgium and Germany.","potentialAction":[{"@type":"SearchAction","target":{"@type":"EntryPoint","urlTemplate":"https:\/\/euprevent.eu\/fr\/?s={search_term_string}"},"query-input":{"@type":"PropertyValueSpecification","valueRequired":true,"valueName":"search_term_string"}}],"inLanguage":"fr-FR"},{"@type":"Person","@id":"https:\/\/euprevent.eu\/fr\/#\/schema\/person\/c78f5e651f86d51d78976d2651a60b8b","name":"Communication euPrevent"}]}},"_links":{"self":[{"href":"https:\/\/euprevent.eu\/fr\/wp-json\/wp\/v2\/posts\/15168","targetHints":{"allow":["GET"]}}],"collection":[{"href":"https:\/\/euprevent.eu\/fr\/wp-json\/wp\/v2\/posts"}],"about":[{"href":"https:\/\/euprevent.eu\/fr\/wp-json\/wp\/v2\/types\/post"}],"author":[{"embeddable":true,"href":"https:\/\/euprevent.eu\/fr\/wp-json\/wp\/v2\/users\/3"}],"replies":[{"embeddable":true,"href":"https:\/\/euprevent.eu\/fr\/wp-json\/wp\/v2\/comments?post=15168"}],"version-history":[{"count":1,"href":"https:\/\/euprevent.eu\/fr\/wp-json\/wp\/v2\/posts\/15168\/revisions"}],"predecessor-version":[{"id":15169,"href":"https:\/\/euprevent.eu\/fr\/wp-json\/wp\/v2\/posts\/15168\/revisions\/15169"}],"wp:featuredmedia":[{"embeddable":true,"href":"https:\/\/euprevent.eu\/fr\/wp-json\/wp\/v2\/media\/15162"}],"wp:attachment":[{"href":"https:\/\/euprevent.eu\/fr\/wp-json\/wp\/v2\/media?parent=15168"}],"wp:term":[{"taxonomy":"category","embeddable":true,"href":"https:\/\/euprevent.eu\/fr\/wp-json\/wp\/v2\/categories?post=15168"},{"taxonomy":"post_tag","embeddable":true,"href":"https:\/\/euprevent.eu\/fr\/wp-json\/wp\/v2\/tags?post=15168"}],"curies":[{"name":"wp","href":"https:\/\/api.w.org\/{rel}","templated":true}]}}