


{"id":15002,"date":"2021-06-15T13:47:21","date_gmt":"2021-06-15T12:47:21","guid":{"rendered":"https:\/\/euprevent.eu\/?p=15002"},"modified":"2022-01-03T11:16:27","modified_gmt":"2022-01-03T10:16:27","slug":"troisieme-sommet-des-citoyens-sur-les-experiences-de-la-pandemie-covid-19","status":"publish","type":"post","link":"https:\/\/euprevent.eu\/fr\/troisieme-sommet-des-citoyens-sur-les-experiences-de-la-pandemie-covid-19\/","title":{"rendered":"Troisi\u00e8me Sommet des Citoyens dans le cadre du projet euPrevent COVID-19"},"content":{"rendered":"<section class=\"wpb-content-wrapper\"><p>[vc_row][vc_column][vc_single_image image=\u00a0\u00bb15097&Prime; img_size=\u00a0\u00bbfull\u00a0\u00bb alignment=\u00a0\u00bbcenter\u00a0\u00bb css=\u00a0\u00bb.vc_custom_1624268287319{margin-bottom: 0px !important;}\u00a0\u00bb][vc_single_image image=\u00a0\u00bb15085&Prime; img_size=\u00a0\u00bbfull\u00a0\u00bb css=\u00a0\u00bb.vc_custom_1624268217378{padding-right: 10% !important;padding-left: 10% !important;}\u00a0\u00bb][\/vc_column][\/vc_row][vc_row][vc_column][vc_column_text]Dans le cadre du projet <a href=\"https:\/\/euprevent.eu\/fr\/covid-19\/\">euPrevent COVID-19<\/a>, un Troisi\u00e8me Sommet des Citoyens a eu lieu le 12 juin.<\/p>\n<p>Bien que fortement touch\u00e9s par la pand\u00e9mie, les Li\u00e9geois ont eu moins de difficult\u00e9s que les citoyens d&rsquo;Aix-la-Chapelle et de Maastricht lorsque les activit\u00e9s transfrontali\u00e8res ont \u00e9t\u00e9 interdites ou restreintes. Cela est probablement d\u00fb au fait que leur vie est davantage centr\u00e9e sur la r\u00e9gion francophone. Ce qui pose le plus de probl\u00e8mes aux Li\u00e9geois n&rsquo;est pas la fronti\u00e8re physique d&rsquo;un pays mais la question de la langue.\u00a0 Pour la plupart des Li\u00e9geois, ils se consid\u00e8rent comme des citoyens de l&rsquo;Europe. Ils ont donc demand\u00e9 plus de solidarit\u00e9 au niveau europ\u00e9en afin de coordonner les actions pour lutter contre la COVID-19. La plupart des Li\u00e9geois ont montr\u00e9 non seulement beaucoup de respect pour les travailleurs et les professionnels de la sant\u00e9, mais aussi une confiance totale dans leurs m\u00e9decins. Lorsqu&rsquo;il s&rsquo;agit de prendre des d\u00e9cisions difficiles comme la vaccination, ils se fient enti\u00e8rement aux conseils de leur m\u00e9decin g\u00e9n\u00e9raliste. Cependant, les informations gouvernementales sur la vaccination ont \u00e9t\u00e9 trop confuses et trop diversifi\u00e9es.<\/p>\n<p>Le prochain sommet des citoyens se d\u00e9roulera sous forme num\u00e9rique le 19 juin. Pour de plus amples informations sur le projet et les sommets des citoyens qui y sont li\u00e9s, veuillez consulter le site web: <a href=\"https:\/\/euprevent.eu\/fr\/summits-covid\/\">https:\/\/euprevent.eu\/fr\/summits-covid\/<\/a>.<\/p>\n<p>Nous remercions tout particuli\u00e8rement nos mod\u00e9rateurs francophones qui ont pris en charge les citoyens en petits groupes pour des discussions approfondies, notamment les membres du personnel de l&rsquo;Universit\u00e9 de Li\u00e8ge et quelques professionnels polyglottes de la sant\u00e9 de Maastricht.[\/vc_column_text][\/vc_column][\/vc_row]<\/p>\n<\/section>","protected":false},"excerpt":{"rendered":"<p>[vc_row][vc_column][vc_single_image image=\u00a0\u00bb15097&Prime; img_size=\u00a0\u00bbfull\u00a0\u00bb alignment=\u00a0\u00bbcenter\u00a0\u00bb css=\u00a0\u00bb.vc_custom_1624268287319{margin-bottom: 0px !important;}\u00a0\u00bb][vc_single_image image=\u00a0\u00bb15085&Prime; img_size=\u00a0\u00bbfull\u00a0\u00bb css=\u00a0\u00bb.vc_custom_1624268217378{padding-right: 10% !important;padding-left: 10% !important;}\u00a0\u00bb][\/vc_column][\/vc_row][vc_row][vc_column][vc_column_text]Dans le cadre du projet euPrevent COVID-19, un Troisi\u00e8me Sommet des Citoyens a eu lieu le 12 juin. Bien que fortement touch\u00e9s par la pand\u00e9mie, les Li\u00e9geois ont eu moins de difficult\u00e9s que les citoyens d&rsquo;Aix-la-Chapelle et de Maastricht lorsque les activit\u00e9s [&hellip;]<\/p>\n","protected":false},"author":3,"featured_media":14999,"comment_status":"closed","ping_status":"closed","sticky":false,"template":"","format":"standard","meta":{"_acf_changed":false,"footnotes":""},"categories":[24],"tags":[],"class_list":["post-15002","post","type-post","status-publish","format-standard","has-post-thumbnail","hentry","category-non-classifiee","programmes-infectious-diseases","projects-project-covid-19"],"acf":[],"yoast_head":"<!-- This site is optimized with the Yoast SEO plugin v27.5 - https:\/\/yoast.com\/product\/yoast-seo-wordpress\/ -->\n<title>Troisi\u00e8me Sommet des Citoyens dans le cadre du projet euPrevent COVID-19 - euPrevent<\/title>\n<meta name=\"robots\" content=\"index, follow, max-snippet:-1, max-image-preview:large, max-video-preview:-1\" \/>\n<link rel=\"canonical\" href=\"https:\/\/euprevent.eu\/fr\/troisieme-sommet-des-citoyens-sur-les-experiences-de-la-pandemie-covid-19\/\" \/>\n<meta property=\"og:locale\" content=\"fr_FR\" \/>\n<meta property=\"og:type\" content=\"article\" \/>\n<meta property=\"og:title\" content=\"Troisi\u00e8me Sommet des Citoyens dans le cadre du projet euPrevent COVID-19 - euPrevent\" \/>\n<meta property=\"og:description\" content=\"[vc_row][vc_column][vc_single_image image=\u00a0\u00bb15097&Prime; img_size=\u00a0\u00bbfull\u00a0\u00bb alignment=\u00a0\u00bbcenter\u00a0\u00bb css=\u00a0\u00bb.vc_custom_1624268287319{margin-bottom: 0px !important;}\u00a0\u00bb][vc_single_image image=\u00a0\u00bb15085&Prime; img_size=\u00a0\u00bbfull\u00a0\u00bb css=\u00a0\u00bb.vc_custom_1624268217378{padding-right: 10% !important;padding-left: 10% !important;}\u00a0\u00bb][\/vc_column][\/vc_row][vc_row][vc_column][vc_column_text]Dans le cadre du projet euPrevent COVID-19, un Troisi\u00e8me Sommet des Citoyens a eu lieu le 12 juin. Bien que fortement touch\u00e9s par la pand\u00e9mie, les Li\u00e9geois ont eu moins de difficult\u00e9s que les citoyens d&rsquo;Aix-la-Chapelle et de Maastricht lorsque les activit\u00e9s [&hellip;]\" \/>\n<meta property=\"og:url\" content=\"https:\/\/euprevent.eu\/fr\/troisieme-sommet-des-citoyens-sur-les-experiences-de-la-pandemie-covid-19\/\" \/>\n<meta property=\"og:site_name\" content=\"euPrevent\" \/>\n<meta property=\"article:published_time\" content=\"2021-06-15T12:47:21+00:00\" \/>\n<meta property=\"article:modified_time\" content=\"2022-01-03T10:16:27+00:00\" \/>\n<meta property=\"og:image\" content=\"https:\/\/euprevent.eu\/wp-content\/uploads\/2021\/06\/euPrevent-Twitter-posts.png\" \/>\n\t<meta property=\"og:image:width\" content=\"1600\" \/>\n\t<meta property=\"og:image:height\" content=\"900\" \/>\n\t<meta property=\"og:image:type\" content=\"image\/png\" \/>\n<meta name=\"author\" content=\"Communication euPrevent\" \/>\n<meta name=\"twitter:card\" content=\"summary_large_image\" \/>\n<meta name=\"twitter:label1\" content=\"\u00c9crit par\" \/>\n\t<meta name=\"twitter:data1\" content=\"Communication euPrevent\" \/>\n\t<meta name=\"twitter:label2\" content=\"Dur\u00e9e de lecture estim\u00e9e\" \/>\n\t<meta name=\"twitter:data2\" content=\"2 minutes\" \/>\n<script type=\"application\/ld+json\" class=\"yoast-schema-graph\">{\"@context\":\"https:\\\/\\\/schema.org\",\"@graph\":[{\"@type\":\"Article\",\"@id\":\"https:\\\/\\\/euprevent.eu\\\/fr\\\/troisieme-sommet-des-citoyens-sur-les-experiences-de-la-pandemie-covid-19\\\/#article\",\"isPartOf\":{\"@id\":\"https:\\\/\\\/euprevent.eu\\\/fr\\\/troisieme-sommet-des-citoyens-sur-les-experiences-de-la-pandemie-covid-19\\\/\"},\"author\":{\"name\":\"Communication euPrevent\",\"@id\":\"https:\\\/\\\/euprevent.eu\\\/fr\\\/#\\\/schema\\\/person\\\/c78f5e651f86d51d78976d2651a60b8b\"},\"headline\":\"Troisi\u00e8me Sommet des Citoyens dans le cadre du projet euPrevent COVID-19\",\"datePublished\":\"2021-06-15T12:47:21+00:00\",\"dateModified\":\"2022-01-03T10:16:27+00:00\",\"mainEntityOfPage\":{\"@id\":\"https:\\\/\\\/euprevent.eu\\\/fr\\\/troisieme-sommet-des-citoyens-sur-les-experiences-de-la-pandemie-covid-19\\\/\"},\"wordCount\":350,\"image\":{\"@id\":\"https:\\\/\\\/euprevent.eu\\\/fr\\\/troisieme-sommet-des-citoyens-sur-les-experiences-de-la-pandemie-covid-19\\\/#primaryimage\"},\"thumbnailUrl\":\"https:\\\/\\\/euprevent.eu\\\/wp-content\\\/uploads\\\/2021\\\/06\\\/euPrevent-Twitter-posts.png\",\"articleSection\":[\"Non classifi\u00e9(e)\"],\"inLanguage\":\"fr-FR\"},{\"@type\":\"WebPage\",\"@id\":\"https:\\\/\\\/euprevent.eu\\\/fr\\\/troisieme-sommet-des-citoyens-sur-les-experiences-de-la-pandemie-covid-19\\\/\",\"url\":\"https:\\\/\\\/euprevent.eu\\\/fr\\\/troisieme-sommet-des-citoyens-sur-les-experiences-de-la-pandemie-covid-19\\\/\",\"name\":\"Troisi\u00e8me Sommet des Citoyens dans le cadre du projet euPrevent COVID-19 - euPrevent\",\"isPartOf\":{\"@id\":\"https:\\\/\\\/euprevent.eu\\\/fr\\\/#website\"},\"primaryImageOfPage\":{\"@id\":\"https:\\\/\\\/euprevent.eu\\\/fr\\\/troisieme-sommet-des-citoyens-sur-les-experiences-de-la-pandemie-covid-19\\\/#primaryimage\"},\"image\":{\"@id\":\"https:\\\/\\\/euprevent.eu\\\/fr\\\/troisieme-sommet-des-citoyens-sur-les-experiences-de-la-pandemie-covid-19\\\/#primaryimage\"},\"thumbnailUrl\":\"https:\\\/\\\/euprevent.eu\\\/wp-content\\\/uploads\\\/2021\\\/06\\\/euPrevent-Twitter-posts.png\",\"datePublished\":\"2021-06-15T12:47:21+00:00\",\"dateModified\":\"2022-01-03T10:16:27+00:00\",\"author\":{\"@id\":\"https:\\\/\\\/euprevent.eu\\\/fr\\\/#\\\/schema\\\/person\\\/c78f5e651f86d51d78976d2651a60b8b\"},\"breadcrumb\":{\"@id\":\"https:\\\/\\\/euprevent.eu\\\/fr\\\/troisieme-sommet-des-citoyens-sur-les-experiences-de-la-pandemie-covid-19\\\/#breadcrumb\"},\"inLanguage\":\"fr-FR\",\"potentialAction\":[{\"@type\":\"ReadAction\",\"target\":[\"https:\\\/\\\/euprevent.eu\\\/fr\\\/troisieme-sommet-des-citoyens-sur-les-experiences-de-la-pandemie-covid-19\\\/\"]}]},{\"@type\":\"ImageObject\",\"inLanguage\":\"fr-FR\",\"@id\":\"https:\\\/\\\/euprevent.eu\\\/fr\\\/troisieme-sommet-des-citoyens-sur-les-experiences-de-la-pandemie-covid-19\\\/#primaryimage\",\"url\":\"https:\\\/\\\/euprevent.eu\\\/wp-content\\\/uploads\\\/2021\\\/06\\\/euPrevent-Twitter-posts.png\",\"contentUrl\":\"https:\\\/\\\/euprevent.eu\\\/wp-content\\\/uploads\\\/2021\\\/06\\\/euPrevent-Twitter-posts.png\",\"width\":1600,\"height\":900},{\"@type\":\"BreadcrumbList\",\"@id\":\"https:\\\/\\\/euprevent.eu\\\/fr\\\/troisieme-sommet-des-citoyens-sur-les-experiences-de-la-pandemie-covid-19\\\/#breadcrumb\",\"itemListElement\":[{\"@type\":\"ListItem\",\"position\":1,\"name\":\"Home\",\"item\":\"https:\\\/\\\/euprevent.eu\\\/fr\\\/\"},{\"@type\":\"ListItem\",\"position\":2,\"name\":\"Troisi\u00e8me Sommet des Citoyens dans le cadre du projet euPrevent COVID-19\"}]},{\"@type\":\"WebSite\",\"@id\":\"https:\\\/\\\/euprevent.eu\\\/fr\\\/#website\",\"url\":\"https:\\\/\\\/euprevent.eu\\\/fr\\\/\",\"name\":\"euPrevent\",\"description\":\"euPrevent is a Euroregional network that focuses on promoting health. Within this network, sustainable partnerships seek to increase the quality of life of residents in the border region between the Netherlands, Belgium and Germany.\",\"potentialAction\":[{\"@type\":\"SearchAction\",\"target\":{\"@type\":\"EntryPoint\",\"urlTemplate\":\"https:\\\/\\\/euprevent.eu\\\/fr\\\/?s={search_term_string}\"},\"query-input\":{\"@type\":\"PropertyValueSpecification\",\"valueRequired\":true,\"valueName\":\"search_term_string\"}}],\"inLanguage\":\"fr-FR\"},{\"@type\":\"Person\",\"@id\":\"https:\\\/\\\/euprevent.eu\\\/fr\\\/#\\\/schema\\\/person\\\/c78f5e651f86d51d78976d2651a60b8b\",\"name\":\"Communication euPrevent\"}]}<\/script>\n<!-- \/ Yoast SEO plugin. -->","yoast_head_json":{"title":"Troisi\u00e8me Sommet des Citoyens dans le cadre du projet euPrevent COVID-19 - euPrevent","robots":{"index":"index","follow":"follow","max-snippet":"max-snippet:-1","max-image-preview":"max-image-preview:large","max-video-preview":"max-video-preview:-1"},"canonical":"https:\/\/euprevent.eu\/fr\/troisieme-sommet-des-citoyens-sur-les-experiences-de-la-pandemie-covid-19\/","og_locale":"fr_FR","og_type":"article","og_title":"Troisi\u00e8me Sommet des Citoyens dans le cadre du projet euPrevent COVID-19 - euPrevent","og_description":"[vc_row][vc_column][vc_single_image image=\u00a0\u00bb15097&Prime; img_size=\u00a0\u00bbfull\u00a0\u00bb alignment=\u00a0\u00bbcenter\u00a0\u00bb css=\u00a0\u00bb.vc_custom_1624268287319{margin-bottom: 0px !important;}\u00a0\u00bb][vc_single_image image=\u00a0\u00bb15085&Prime; img_size=\u00a0\u00bbfull\u00a0\u00bb css=\u00a0\u00bb.vc_custom_1624268217378{padding-right: 10% !important;padding-left: 10% !important;}\u00a0\u00bb][\/vc_column][\/vc_row][vc_row][vc_column][vc_column_text]Dans le cadre du projet euPrevent COVID-19, un Troisi\u00e8me Sommet des Citoyens a eu lieu le 12 juin. Bien que fortement touch\u00e9s par la pand\u00e9mie, les Li\u00e9geois ont eu moins de difficult\u00e9s que les citoyens d&rsquo;Aix-la-Chapelle et de Maastricht lorsque les activit\u00e9s [&hellip;]","og_url":"https:\/\/euprevent.eu\/fr\/troisieme-sommet-des-citoyens-sur-les-experiences-de-la-pandemie-covid-19\/","og_site_name":"euPrevent","article_published_time":"2021-06-15T12:47:21+00:00","article_modified_time":"2022-01-03T10:16:27+00:00","og_image":[{"width":1600,"height":900,"url":"https:\/\/euprevent.eu\/wp-content\/uploads\/2021\/06\/euPrevent-Twitter-posts.png","type":"image\/png"}],"author":"Communication euPrevent","twitter_card":"summary_large_image","twitter_misc":{"\u00c9crit par":"Communication euPrevent","Dur\u00e9e de lecture estim\u00e9e":"2 minutes"},"schema":{"@context":"https:\/\/schema.org","@graph":[{"@type":"Article","@id":"https:\/\/euprevent.eu\/fr\/troisieme-sommet-des-citoyens-sur-les-experiences-de-la-pandemie-covid-19\/#article","isPartOf":{"@id":"https:\/\/euprevent.eu\/fr\/troisieme-sommet-des-citoyens-sur-les-experiences-de-la-pandemie-covid-19\/"},"author":{"name":"Communication euPrevent","@id":"https:\/\/euprevent.eu\/fr\/#\/schema\/person\/c78f5e651f86d51d78976d2651a60b8b"},"headline":"Troisi\u00e8me Sommet des Citoyens dans le cadre du projet euPrevent COVID-19","datePublished":"2021-06-15T12:47:21+00:00","dateModified":"2022-01-03T10:16:27+00:00","mainEntityOfPage":{"@id":"https:\/\/euprevent.eu\/fr\/troisieme-sommet-des-citoyens-sur-les-experiences-de-la-pandemie-covid-19\/"},"wordCount":350,"image":{"@id":"https:\/\/euprevent.eu\/fr\/troisieme-sommet-des-citoyens-sur-les-experiences-de-la-pandemie-covid-19\/#primaryimage"},"thumbnailUrl":"https:\/\/euprevent.eu\/wp-content\/uploads\/2021\/06\/euPrevent-Twitter-posts.png","articleSection":["Non classifi\u00e9(e)"],"inLanguage":"fr-FR"},{"@type":"WebPage","@id":"https:\/\/euprevent.eu\/fr\/troisieme-sommet-des-citoyens-sur-les-experiences-de-la-pandemie-covid-19\/","url":"https:\/\/euprevent.eu\/fr\/troisieme-sommet-des-citoyens-sur-les-experiences-de-la-pandemie-covid-19\/","name":"Troisi\u00e8me Sommet des Citoyens dans le cadre du projet euPrevent COVID-19 - euPrevent","isPartOf":{"@id":"https:\/\/euprevent.eu\/fr\/#website"},"primaryImageOfPage":{"@id":"https:\/\/euprevent.eu\/fr\/troisieme-sommet-des-citoyens-sur-les-experiences-de-la-pandemie-covid-19\/#primaryimage"},"image":{"@id":"https:\/\/euprevent.eu\/fr\/troisieme-sommet-des-citoyens-sur-les-experiences-de-la-pandemie-covid-19\/#primaryimage"},"thumbnailUrl":"https:\/\/euprevent.eu\/wp-content\/uploads\/2021\/06\/euPrevent-Twitter-posts.png","datePublished":"2021-06-15T12:47:21+00:00","dateModified":"2022-01-03T10:16:27+00:00","author":{"@id":"https:\/\/euprevent.eu\/fr\/#\/schema\/person\/c78f5e651f86d51d78976d2651a60b8b"},"breadcrumb":{"@id":"https:\/\/euprevent.eu\/fr\/troisieme-sommet-des-citoyens-sur-les-experiences-de-la-pandemie-covid-19\/#breadcrumb"},"inLanguage":"fr-FR","potentialAction":[{"@type":"ReadAction","target":["https:\/\/euprevent.eu\/fr\/troisieme-sommet-des-citoyens-sur-les-experiences-de-la-pandemie-covid-19\/"]}]},{"@type":"ImageObject","inLanguage":"fr-FR","@id":"https:\/\/euprevent.eu\/fr\/troisieme-sommet-des-citoyens-sur-les-experiences-de-la-pandemie-covid-19\/#primaryimage","url":"https:\/\/euprevent.eu\/wp-content\/uploads\/2021\/06\/euPrevent-Twitter-posts.png","contentUrl":"https:\/\/euprevent.eu\/wp-content\/uploads\/2021\/06\/euPrevent-Twitter-posts.png","width":1600,"height":900},{"@type":"BreadcrumbList","@id":"https:\/\/euprevent.eu\/fr\/troisieme-sommet-des-citoyens-sur-les-experiences-de-la-pandemie-covid-19\/#breadcrumb","itemListElement":[{"@type":"ListItem","position":1,"name":"Home","item":"https:\/\/euprevent.eu\/fr\/"},{"@type":"ListItem","position":2,"name":"Troisi\u00e8me Sommet des Citoyens dans le cadre du projet euPrevent COVID-19"}]},{"@type":"WebSite","@id":"https:\/\/euprevent.eu\/fr\/#website","url":"https:\/\/euprevent.eu\/fr\/","name":"euPrevent","description":"euPrevent is a Euroregional network that focuses on promoting health. Within this network, sustainable partnerships seek to increase the quality of life of residents in the border region between the Netherlands, Belgium and Germany.","potentialAction":[{"@type":"SearchAction","target":{"@type":"EntryPoint","urlTemplate":"https:\/\/euprevent.eu\/fr\/?s={search_term_string}"},"query-input":{"@type":"PropertyValueSpecification","valueRequired":true,"valueName":"search_term_string"}}],"inLanguage":"fr-FR"},{"@type":"Person","@id":"https:\/\/euprevent.eu\/fr\/#\/schema\/person\/c78f5e651f86d51d78976d2651a60b8b","name":"Communication euPrevent"}]}},"_links":{"self":[{"href":"https:\/\/euprevent.eu\/fr\/wp-json\/wp\/v2\/posts\/15002","targetHints":{"allow":["GET"]}}],"collection":[{"href":"https:\/\/euprevent.eu\/fr\/wp-json\/wp\/v2\/posts"}],"about":[{"href":"https:\/\/euprevent.eu\/fr\/wp-json\/wp\/v2\/types\/post"}],"author":[{"embeddable":true,"href":"https:\/\/euprevent.eu\/fr\/wp-json\/wp\/v2\/users\/3"}],"replies":[{"embeddable":true,"href":"https:\/\/euprevent.eu\/fr\/wp-json\/wp\/v2\/comments?post=15002"}],"version-history":[{"count":5,"href":"https:\/\/euprevent.eu\/fr\/wp-json\/wp\/v2\/posts\/15002\/revisions"}],"predecessor-version":[{"id":15116,"href":"https:\/\/euprevent.eu\/fr\/wp-json\/wp\/v2\/posts\/15002\/revisions\/15116"}],"wp:featuredmedia":[{"embeddable":true,"href":"https:\/\/euprevent.eu\/fr\/wp-json\/wp\/v2\/media\/14999"}],"wp:attachment":[{"href":"https:\/\/euprevent.eu\/fr\/wp-json\/wp\/v2\/media?parent=15002"}],"wp:term":[{"taxonomy":"category","embeddable":true,"href":"https:\/\/euprevent.eu\/fr\/wp-json\/wp\/v2\/categories?post=15002"},{"taxonomy":"post_tag","embeddable":true,"href":"https:\/\/euprevent.eu\/fr\/wp-json\/wp\/v2\/tags?post=15002"}],"curies":[{"name":"wp","href":"https:\/\/api.w.org\/{rel}","templated":true}]}}