


{"id":11913,"date":"2019-10-23T06:56:04","date_gmt":"2019-10-23T06:56:04","guid":{"rendered":"https:\/\/euprevent.eu\/?p=11913"},"modified":"2019-10-23T11:50:49","modified_gmt":"2019-10-23T11:50:49","slug":"joint-statement-on-health-care-in-cross-border-regions","status":"publish","type":"post","link":"https:\/\/euprevent.eu\/fr\/joint-statement-on-health-care-in-cross-border-regions\/","title":{"rendered":"Joint Statement on health care in cross border regions"},"content":{"rendered":"<section class=\"wpb-content-wrapper\"><p>[vc_row][vc_column width=\u00a0\u00bb2\/3&Prime;][vc_column_text]The<strong> European Commission asked Euregha<\/strong> to formulate a <strong>\u201eJoint Statement on health care in cross border regions\u201c<\/strong>. In this advice projects of<strong> euPrevent are named as a good example<\/strong>: the Euregional Health Atlas (were data in the EMR are gathered) and Citizen Summits (participatory approach in action).<\/p>\n<p>euPrevent believes that this Joint Statement (JS) is an excellent advice and hopes that the European Commission will follow it. The more organisations that endorse this JS, the more likely this will happen.[\/vc_column_text][vc_column_text el_class=\u00a0\u00bbalert alert-info\u00a0\u00bb]<\/p>\n<h2>We need your help<\/h2>\n<p>The more organisations that endorse this Joint Statement, the more likely the European Commission will follow up on this recommendations.\u00a0With your endorsement you underline the importance of this vision and ask the European Commission to act upon it.<\/p>\n<p><strong>So please read and endorse<\/strong> the \u201eJoint Statement on health care in cross border regions\u201c before November 30, 2019: <a href=\"http:\/\/www.euregha.net\/crossborderhealthcare\/#introduction\">http:\/\/www.euregha.net\/crossborderhealthcare\/#introduction<\/a>[\/vc_column_text][vc_column_text]<\/p>\n<h2>The vision of the Joint Statement<\/h2>\n<h6><strong>WE ADVOCATE FOR:<\/strong><\/h6>\n<ol>\n<li><strong>\u00a0<\/strong>Enabling EU citizen living in border regions to access\u00a0<strong>quality healthcare services closest to home<\/strong>, even if across national boundaries;<\/li>\n<li><strong>\u00a0<\/strong>Making\u00a0<strong>healthcare without borders a given for all<\/strong>\u00a0in the EU in the not-too-distant future.<\/li>\n<li><strong>\u00a0<\/strong><strong>Removing obstacles\u00a0<\/strong>and\u00a0<strong>creating more equity<\/strong>\u00a0in accessing healthcare facilities in all European territories;<\/li>\n<li><strong>\u00a0<\/strong><strong>Achieving<\/strong>\u00a0<strong>growth and positive economic<\/strong>\u00a0effects through a functioning cross-border collaboration in healthcare.<\/li>\n<li><strong>\u00a0<\/strong>\u201c<strong>Ever closer union\u201d\u00a0<\/strong>\u2013<strong>\u00a0tackle health inequalities<\/strong>\u00a0within the EU and allowing health not to stop at internal borders;<\/li>\n<li><strong>\u00a0<\/strong><strong>Emphasizing the role of citizen, regional and local authorities<\/strong>\u00a0at the heart of health policy making.<\/li>\n<\/ol>\n<p>[\/vc_column_text][vc_column_text]With this joint statement and thematic network, it is the aim of\u00a0<strong>EUREGHA<\/strong>\u00a0and the \u201c<strong>Healthacross initiative\u201d of Lower Austria and all the supporting organisations<\/strong>, to complement the European Commission\u2019s efforts to\u00a0<strong>map crucial challenges<\/strong>\u00a0in cross-border and regional cooperation in health care and to\u00a0<strong>identify successful experiences<\/strong>, which could be scaled up. A\u00a0<strong>participatory approach<\/strong>\u00a0is used, and all stakeholders concerned with cross-border healthcare are welcome for ideas and comments.<\/p>\n<p>Together, we want to speak with one voice, to improve the health and well-being of citizen living in border regions and to ensure equitable access to quality healthcare close to home.[\/vc_column_text][vc_column_text]<\/p>\n<h2>Why is this necessary?<\/h2>\n<p>The socio-economic development of border regions is often hampered because of their\u00a0<strong>peripheral location and the differences in legislation compared to their neighbouring countries<\/strong>.\u00a0 Border regions experience hindrance of free movement of labour and services which leads to disadvantages in the economic, social and cultural development. In addition, all these factors\u00a0<strong>significantly affect healthcare systems<\/strong>\u00a0in border regions. The geographical working area for enterprises and their markets (especially in the case of SMEs), healthcare providers and institutions, skills and training services for the workforce, educational institutions and regional governments often encounter more obstacles than in non-border regions, which makes the delivery of healthcare less efficient. Furthermore, citizens are limited in their choice of and accessibility to health care and there is less room for cooperation in the healthcare. A situation that can potentially\u00a0<strong>create health inequalities<\/strong>.<\/p>\n<p>Healthcare is a national competence and Member States finance, manage and organize their healthcare systems on their own. Nonetheless, regions and local authorities share responsibilities and competencies in the sector and the European Union supports cooperation among Member States.\u00a0<strong>Therefore, sub-national authorities in collaboration with the European Commission, the European Parliament, the Member States and<\/strong>\u00a0<strong>all the relevant health stakeholders<\/strong>\u00a0<strong>can jointly address the challenge of delivering health and care in border areas, thus improving health for all European citizens and ensure health equity.<\/strong>[\/vc_column_text][vc_column_text]<\/p>\n<blockquote>\n<h5>This Joint Statement is not about medical tourism and harmonisation of the Member States\u2019 health systems. This work intend to advocate for access quality healthcare closest to home in border regions.<\/h5>\n<\/blockquote>\n<p>[\/vc_column_text][\/vc_column][vc_column width=\u00a0\u00bb1\/3&Prime;][vc_column_text]<img decoding=\"async\" class=\"alignnone size-medium wp-image-11904\" src=\"https:\/\/euprevent.eu\/wp-content\/uploads\/2019\/10\/Europe-internal-land-borders-265x300.png\" alt=\"\" width=\"265\" height=\"300\" srcset=\"https:\/\/euprevent.eu\/wp-content\/uploads\/2019\/10\/Europe-internal-land-borders-265x300.png 265w, https:\/\/euprevent.eu\/wp-content\/uploads\/2019\/10\/Europe-internal-land-borders-768x869.png 768w, https:\/\/euprevent.eu\/wp-content\/uploads\/2019\/10\/Europe-internal-land-borders-904x1024.png 904w, https:\/\/euprevent.eu\/wp-content\/uploads\/2019\/10\/Europe-internal-land-borders.png 1052w\" sizes=\"(max-width: 265px) 100vw, 265px\" \/>[\/vc_column_text][vc_column_text]The European Union covers over 4 million km\u00b2 and has\u00a0<a href=\"https:\/\/europa.eu\/european-union\/about-eu\/figures\/living_en\">508 million citizens<\/a>. Together with the immediate neighbours from the EFTA Association, it counts 40 internal land borders among the 28 Member States. Border areas are home to 30% of the European population \u2013 150 million citizens respectively.[\/vc_column_text][\/vc_column][\/vc_row]<\/p>\n<\/section>","protected":false},"excerpt":{"rendered":"<p>[vc_row][vc_column width=\u00a0\u00bb2\/3&Prime;][vc_column_text]The European Commission asked Euregha to formulate a \u201eJoint Statement on health care in cross border regions\u201c. In this advice projects of euPrevent are named as a good example: the Euregional Health Atlas (were data in the EMR are gathered) and Citizen Summits (participatory approach in action). euPrevent believes that this Joint Statement (JS) [&hellip;]<\/p>\n","protected":false},"author":5,"featured_media":11906,"comment_status":"closed","ping_status":"closed","sticky":false,"template":"","format":"standard","meta":{"_acf_changed":false,"footnotes":""},"categories":[24],"tags":[],"class_list":["post-11913","post","type-post","status-publish","format-standard","has-post-thumbnail","hentry","category-non-classifiee","programmes-crossing-programmes","projects-project-data-in-the-emr"],"acf":[],"yoast_head":"<!-- This site is optimized with the Yoast SEO plugin v27.5 - https:\/\/yoast.com\/product\/yoast-seo-wordpress\/ -->\n<title>Joint Statement on health care in cross border regions - euPrevent<\/title>\n<meta name=\"robots\" content=\"index, follow, max-snippet:-1, max-image-preview:large, max-video-preview:-1\" \/>\n<link rel=\"canonical\" href=\"https:\/\/euprevent.eu\/fr\/joint-statement-on-health-care-in-cross-border-regions\/\" \/>\n<meta property=\"og:locale\" content=\"fr_FR\" \/>\n<meta property=\"og:type\" content=\"article\" \/>\n<meta property=\"og:title\" content=\"Joint Statement on health care in cross border regions - euPrevent\" \/>\n<meta property=\"og:description\" content=\"[vc_row][vc_column width=\u00a0\u00bb2\/3&Prime;][vc_column_text]The European Commission asked Euregha to formulate a \u201eJoint Statement on health care in cross border regions\u201c. In this advice projects of euPrevent are named as a good example: the Euregional Health Atlas (were data in the EMR are gathered) and Citizen Summits (participatory approach in action). euPrevent believes that this Joint Statement (JS) [&hellip;]\" \/>\n<meta property=\"og:url\" content=\"https:\/\/euprevent.eu\/fr\/joint-statement-on-health-care-in-cross-border-regions\/\" \/>\n<meta property=\"og:site_name\" content=\"euPrevent\" \/>\n<meta property=\"article:published_time\" content=\"2019-10-23T06:56:04+00:00\" \/>\n<meta property=\"article:modified_time\" content=\"2019-10-23T11:50:49+00:00\" \/>\n<meta property=\"og:image\" content=\"https:\/\/euprevent.eu\/wp-content\/uploads\/2019\/10\/Europe-internal-land-borders.png\" \/>\n\t<meta property=\"og:image:width\" content=\"1052\" \/>\n\t<meta property=\"og:image:height\" content=\"1191\" \/>\n\t<meta property=\"og:image:type\" content=\"image\/png\" \/>\n<meta name=\"author\" content=\"Communicatie GGDZL\" \/>\n<meta name=\"twitter:card\" content=\"summary_large_image\" \/>\n<meta name=\"twitter:label1\" content=\"\u00c9crit par\" \/>\n\t<meta name=\"twitter:data1\" content=\"Communicatie GGDZL\" \/>\n\t<meta name=\"twitter:label2\" content=\"Dur\u00e9e de lecture estim\u00e9e\" \/>\n\t<meta name=\"twitter:data2\" content=\"4 minutes\" \/>\n<script type=\"application\/ld+json\" class=\"yoast-schema-graph\">{\"@context\":\"https:\\\/\\\/schema.org\",\"@graph\":[{\"@type\":\"Article\",\"@id\":\"https:\\\/\\\/euprevent.eu\\\/fr\\\/joint-statement-on-health-care-in-cross-border-regions\\\/#article\",\"isPartOf\":{\"@id\":\"https:\\\/\\\/euprevent.eu\\\/fr\\\/joint-statement-on-health-care-in-cross-border-regions\\\/\"},\"author\":{\"name\":\"Communicatie GGDZL\",\"@id\":\"https:\\\/\\\/euprevent.eu\\\/fr\\\/#\\\/schema\\\/person\\\/3d512ac855c1ae893e734a5e4b9cccb2\"},\"headline\":\"Joint Statement on health care in cross border regions\",\"datePublished\":\"2019-10-23T06:56:04+00:00\",\"dateModified\":\"2019-10-23T11:50:49+00:00\",\"mainEntityOfPage\":{\"@id\":\"https:\\\/\\\/euprevent.eu\\\/fr\\\/joint-statement-on-health-care-in-cross-border-regions\\\/\"},\"wordCount\":725,\"image\":{\"@id\":\"https:\\\/\\\/euprevent.eu\\\/fr\\\/joint-statement-on-health-care-in-cross-border-regions\\\/#primaryimage\"},\"thumbnailUrl\":\"https:\\\/\\\/euprevent.eu\\\/wp-content\\\/uploads\\\/2019\\\/10\\\/Europe-internal-land-borders.png\",\"articleSection\":[\"Non classifi\u00e9(e)\"],\"inLanguage\":\"fr-FR\"},{\"@type\":\"WebPage\",\"@id\":\"https:\\\/\\\/euprevent.eu\\\/fr\\\/joint-statement-on-health-care-in-cross-border-regions\\\/\",\"url\":\"https:\\\/\\\/euprevent.eu\\\/fr\\\/joint-statement-on-health-care-in-cross-border-regions\\\/\",\"name\":\"Joint Statement on health care in cross border regions - euPrevent\",\"isPartOf\":{\"@id\":\"https:\\\/\\\/euprevent.eu\\\/fr\\\/#website\"},\"primaryImageOfPage\":{\"@id\":\"https:\\\/\\\/euprevent.eu\\\/fr\\\/joint-statement-on-health-care-in-cross-border-regions\\\/#primaryimage\"},\"image\":{\"@id\":\"https:\\\/\\\/euprevent.eu\\\/fr\\\/joint-statement-on-health-care-in-cross-border-regions\\\/#primaryimage\"},\"thumbnailUrl\":\"https:\\\/\\\/euprevent.eu\\\/wp-content\\\/uploads\\\/2019\\\/10\\\/Europe-internal-land-borders.png\",\"datePublished\":\"2019-10-23T06:56:04+00:00\",\"dateModified\":\"2019-10-23T11:50:49+00:00\",\"author\":{\"@id\":\"https:\\\/\\\/euprevent.eu\\\/fr\\\/#\\\/schema\\\/person\\\/3d512ac855c1ae893e734a5e4b9cccb2\"},\"breadcrumb\":{\"@id\":\"https:\\\/\\\/euprevent.eu\\\/fr\\\/joint-statement-on-health-care-in-cross-border-regions\\\/#breadcrumb\"},\"inLanguage\":\"fr-FR\",\"potentialAction\":[{\"@type\":\"ReadAction\",\"target\":[\"https:\\\/\\\/euprevent.eu\\\/fr\\\/joint-statement-on-health-care-in-cross-border-regions\\\/\"]}]},{\"@type\":\"ImageObject\",\"inLanguage\":\"fr-FR\",\"@id\":\"https:\\\/\\\/euprevent.eu\\\/fr\\\/joint-statement-on-health-care-in-cross-border-regions\\\/#primaryimage\",\"url\":\"https:\\\/\\\/euprevent.eu\\\/wp-content\\\/uploads\\\/2019\\\/10\\\/Europe-internal-land-borders.png\",\"contentUrl\":\"https:\\\/\\\/euprevent.eu\\\/wp-content\\\/uploads\\\/2019\\\/10\\\/Europe-internal-land-borders.png\",\"width\":1052,\"height\":1191},{\"@type\":\"BreadcrumbList\",\"@id\":\"https:\\\/\\\/euprevent.eu\\\/fr\\\/joint-statement-on-health-care-in-cross-border-regions\\\/#breadcrumb\",\"itemListElement\":[{\"@type\":\"ListItem\",\"position\":1,\"name\":\"Home\",\"item\":\"https:\\\/\\\/euprevent.eu\\\/fr\\\/\"},{\"@type\":\"ListItem\",\"position\":2,\"name\":\"Joint Statement on health care in cross border regions\"}]},{\"@type\":\"WebSite\",\"@id\":\"https:\\\/\\\/euprevent.eu\\\/fr\\\/#website\",\"url\":\"https:\\\/\\\/euprevent.eu\\\/fr\\\/\",\"name\":\"euPrevent\",\"description\":\"euPrevent is a Euroregional network that focuses on promoting health. Within this network, sustainable partnerships seek to increase the quality of life of residents in the border region between the Netherlands, Belgium and Germany.\",\"potentialAction\":[{\"@type\":\"SearchAction\",\"target\":{\"@type\":\"EntryPoint\",\"urlTemplate\":\"https:\\\/\\\/euprevent.eu\\\/fr\\\/?s={search_term_string}\"},\"query-input\":{\"@type\":\"PropertyValueSpecification\",\"valueRequired\":true,\"valueName\":\"search_term_string\"}}],\"inLanguage\":\"fr-FR\"},{\"@type\":\"Person\",\"@id\":\"https:\\\/\\\/euprevent.eu\\\/fr\\\/#\\\/schema\\\/person\\\/3d512ac855c1ae893e734a5e4b9cccb2\",\"name\":\"Communicatie GGDZL\"}]}<\/script>\n<!-- \/ Yoast SEO plugin. -->","yoast_head_json":{"title":"Joint Statement on health care in cross border regions - euPrevent","robots":{"index":"index","follow":"follow","max-snippet":"max-snippet:-1","max-image-preview":"max-image-preview:large","max-video-preview":"max-video-preview:-1"},"canonical":"https:\/\/euprevent.eu\/fr\/joint-statement-on-health-care-in-cross-border-regions\/","og_locale":"fr_FR","og_type":"article","og_title":"Joint Statement on health care in cross border regions - euPrevent","og_description":"[vc_row][vc_column width=\u00a0\u00bb2\/3&Prime;][vc_column_text]The European Commission asked Euregha to formulate a \u201eJoint Statement on health care in cross border regions\u201c. In this advice projects of euPrevent are named as a good example: the Euregional Health Atlas (were data in the EMR are gathered) and Citizen Summits (participatory approach in action). euPrevent believes that this Joint Statement (JS) [&hellip;]","og_url":"https:\/\/euprevent.eu\/fr\/joint-statement-on-health-care-in-cross-border-regions\/","og_site_name":"euPrevent","article_published_time":"2019-10-23T06:56:04+00:00","article_modified_time":"2019-10-23T11:50:49+00:00","og_image":[{"width":1052,"height":1191,"url":"https:\/\/euprevent.eu\/wp-content\/uploads\/2019\/10\/Europe-internal-land-borders.png","type":"image\/png"}],"author":"Communicatie GGDZL","twitter_card":"summary_large_image","twitter_misc":{"\u00c9crit par":"Communicatie GGDZL","Dur\u00e9e de lecture estim\u00e9e":"4 minutes"},"schema":{"@context":"https:\/\/schema.org","@graph":[{"@type":"Article","@id":"https:\/\/euprevent.eu\/fr\/joint-statement-on-health-care-in-cross-border-regions\/#article","isPartOf":{"@id":"https:\/\/euprevent.eu\/fr\/joint-statement-on-health-care-in-cross-border-regions\/"},"author":{"name":"Communicatie GGDZL","@id":"https:\/\/euprevent.eu\/fr\/#\/schema\/person\/3d512ac855c1ae893e734a5e4b9cccb2"},"headline":"Joint Statement on health care in cross border regions","datePublished":"2019-10-23T06:56:04+00:00","dateModified":"2019-10-23T11:50:49+00:00","mainEntityOfPage":{"@id":"https:\/\/euprevent.eu\/fr\/joint-statement-on-health-care-in-cross-border-regions\/"},"wordCount":725,"image":{"@id":"https:\/\/euprevent.eu\/fr\/joint-statement-on-health-care-in-cross-border-regions\/#primaryimage"},"thumbnailUrl":"https:\/\/euprevent.eu\/wp-content\/uploads\/2019\/10\/Europe-internal-land-borders.png","articleSection":["Non classifi\u00e9(e)"],"inLanguage":"fr-FR"},{"@type":"WebPage","@id":"https:\/\/euprevent.eu\/fr\/joint-statement-on-health-care-in-cross-border-regions\/","url":"https:\/\/euprevent.eu\/fr\/joint-statement-on-health-care-in-cross-border-regions\/","name":"Joint Statement on health care in cross border regions - euPrevent","isPartOf":{"@id":"https:\/\/euprevent.eu\/fr\/#website"},"primaryImageOfPage":{"@id":"https:\/\/euprevent.eu\/fr\/joint-statement-on-health-care-in-cross-border-regions\/#primaryimage"},"image":{"@id":"https:\/\/euprevent.eu\/fr\/joint-statement-on-health-care-in-cross-border-regions\/#primaryimage"},"thumbnailUrl":"https:\/\/euprevent.eu\/wp-content\/uploads\/2019\/10\/Europe-internal-land-borders.png","datePublished":"2019-10-23T06:56:04+00:00","dateModified":"2019-10-23T11:50:49+00:00","author":{"@id":"https:\/\/euprevent.eu\/fr\/#\/schema\/person\/3d512ac855c1ae893e734a5e4b9cccb2"},"breadcrumb":{"@id":"https:\/\/euprevent.eu\/fr\/joint-statement-on-health-care-in-cross-border-regions\/#breadcrumb"},"inLanguage":"fr-FR","potentialAction":[{"@type":"ReadAction","target":["https:\/\/euprevent.eu\/fr\/joint-statement-on-health-care-in-cross-border-regions\/"]}]},{"@type":"ImageObject","inLanguage":"fr-FR","@id":"https:\/\/euprevent.eu\/fr\/joint-statement-on-health-care-in-cross-border-regions\/#primaryimage","url":"https:\/\/euprevent.eu\/wp-content\/uploads\/2019\/10\/Europe-internal-land-borders.png","contentUrl":"https:\/\/euprevent.eu\/wp-content\/uploads\/2019\/10\/Europe-internal-land-borders.png","width":1052,"height":1191},{"@type":"BreadcrumbList","@id":"https:\/\/euprevent.eu\/fr\/joint-statement-on-health-care-in-cross-border-regions\/#breadcrumb","itemListElement":[{"@type":"ListItem","position":1,"name":"Home","item":"https:\/\/euprevent.eu\/fr\/"},{"@type":"ListItem","position":2,"name":"Joint Statement on health care in cross border regions"}]},{"@type":"WebSite","@id":"https:\/\/euprevent.eu\/fr\/#website","url":"https:\/\/euprevent.eu\/fr\/","name":"euPrevent","description":"euPrevent is a Euroregional network that focuses on promoting health. Within this network, sustainable partnerships seek to increase the quality of life of residents in the border region between the Netherlands, Belgium and Germany.","potentialAction":[{"@type":"SearchAction","target":{"@type":"EntryPoint","urlTemplate":"https:\/\/euprevent.eu\/fr\/?s={search_term_string}"},"query-input":{"@type":"PropertyValueSpecification","valueRequired":true,"valueName":"search_term_string"}}],"inLanguage":"fr-FR"},{"@type":"Person","@id":"https:\/\/euprevent.eu\/fr\/#\/schema\/person\/3d512ac855c1ae893e734a5e4b9cccb2","name":"Communicatie GGDZL"}]}},"_links":{"self":[{"href":"https:\/\/euprevent.eu\/fr\/wp-json\/wp\/v2\/posts\/11913","targetHints":{"allow":["GET"]}}],"collection":[{"href":"https:\/\/euprevent.eu\/fr\/wp-json\/wp\/v2\/posts"}],"about":[{"href":"https:\/\/euprevent.eu\/fr\/wp-json\/wp\/v2\/types\/post"}],"author":[{"embeddable":true,"href":"https:\/\/euprevent.eu\/fr\/wp-json\/wp\/v2\/users\/5"}],"replies":[{"embeddable":true,"href":"https:\/\/euprevent.eu\/fr\/wp-json\/wp\/v2\/comments?post=11913"}],"version-history":[{"count":3,"href":"https:\/\/euprevent.eu\/fr\/wp-json\/wp\/v2\/posts\/11913\/revisions"}],"predecessor-version":[{"id":11926,"href":"https:\/\/euprevent.eu\/fr\/wp-json\/wp\/v2\/posts\/11913\/revisions\/11926"}],"wp:featuredmedia":[{"embeddable":true,"href":"https:\/\/euprevent.eu\/fr\/wp-json\/wp\/v2\/media\/11906"}],"wp:attachment":[{"href":"https:\/\/euprevent.eu\/fr\/wp-json\/wp\/v2\/media?parent=11913"}],"wp:term":[{"taxonomy":"category","embeddable":true,"href":"https:\/\/euprevent.eu\/fr\/wp-json\/wp\/v2\/categories?post=11913"},{"taxonomy":"post_tag","embeddable":true,"href":"https:\/\/euprevent.eu\/fr\/wp-json\/wp\/v2\/tags?post=11913"}],"curies":[{"name":"wp","href":"https:\/\/api.w.org\/{rel}","templated":true}]}}