


{"id":16754,"date":"2021-12-20T09:39:43","date_gmt":"2021-12-20T08:39:43","guid":{"rendered":"https:\/\/euprevent.eu\/?p=16754"},"modified":"2021-12-20T09:47:21","modified_gmt":"2021-12-20T08:47:21","slug":"final-conference-the-impact-of-covid-19-on-the-meuse-rhine-euroregion","status":"publish","type":"post","link":"https:\/\/euprevent.eu\/de\/final-conference-the-impact-of-covid-19-on-the-meuse-rhine-euroregion\/","title":{"rendered":"Abschlusskonferenz &#8222;Die Auswirkungen von COVID-19 auf die Euroregion Maas-Rhein&#8220;"},"content":{"rendered":"<section class=\"wpb-content-wrapper\"><p>[vc_row][vc_column][vc_column_text]Das Interreg EMR-Projekt &#8222;Die Auswirkungen von COVID-19 auf die Euroregion Maas-Rhein&#8220; (genannt: Projekt euPrevent COVID-19) hielt am Donnerstag, den 16. Dezember 2021, seine Abschlusskonferenz ab.<\/p>\n<p>Das Projekt euPrevent COVID-19 zielt darauf ab, die Auswirkungen von COVID-19 auf die Bev\u00f6lkerung in der Maas-Rhein-Euroregion (EMR) zu bewerten. Das hei\u00dft, Bezugsgr\u00f6\u00dfe sind die Menschen, die in den Grenzregionen der Niederlande, Belgiens und Deutschlands leben. Die Ergebnisse beider Projektelemente wurden vorgestellt und diskutiert: die wichtigsten Erfahrungen aus den B\u00fcrgergipfeln, die in sieben EMR-St\u00e4dten stattfanden, und die Ergebnisse aus den Frageb\u00f6gen und \u00a0der serologischen Studie. Die B\u00fcrgerversammlungen haben gezeigt, dass es notwendig ist, qualitative Daten in der Region zu sammeln, um die Menschen zu befragen, die die Ma\u00dfnahmen durchlaufen. Die Umfragedaten erm\u00f6glichten es, ein scharfes \u00a0Gesamtbild zu erstellen. Die Ergebnisse des Projekts zeigten, dass die Menschen ihr Verhalten an die nationalen Ma\u00dfnahmen zur Bek\u00e4mpfung von COVID-19 angepasst haben; die Ergebnisse der drei EMR-L\u00e4nder zeigten trotz einiger Unterschiede viele \u00c4hnlichkeiten. COVID-19 hat (hatte) \u00fcberall einen enormen Einfluss auf das t\u00e4gliche Leben der Menschen, aber in grenz\u00fcberschreitenden Regionen k\u00f6nnen zus\u00e4tzliche Probleme auftreten. Dies zeigt, wie wichtig die euregionale Zusammenarbeit ist, insbesondere in Zeiten einer globalen Krise.<\/p>\n<p>Neben dem euPrevent COVID-19 Projekt wurden auch andere interessante Projekte zu COVID-19 vorgestellt. Dazu geh\u00f6ren Projekte, die auf nationaler Ebene durchgef\u00fchrt werden, z. B. die COVIMPACT-Studie, die in Belgien zu longCOVID durchgef\u00fchrt wird, und die Corona-Forschung, die in der Bev\u00f6lkerung von Nord- und S\u00fcdlimburg in den Niederlanden durchgef\u00fchrt wird. Die COVID-19-\u00dcberwachung in Nordrhein-Westfalen (Deutschland) wurde als Beispiel f\u00fcr bew\u00e4hrte Verfahren vorgestellt. \u00dcber die nationale und euregionale Perspektive hinaus erl\u00e4uterte Frau Bettina Mennen von der WHO die europ\u00e4ische Perspektive zu den Lehren, die wir aus der Pandemie ziehen k\u00f6nnen.[\/vc_column_text][\/vc_column][\/vc_row][vc_row][vc_column][vc_btn title=&#8220;Der Bericht \u00fcber die B\u00fcrgergipfel&#8220; color=&#8220;primary&#8220; link=&#8220;url:https%3A%2F%2Feuprevent.eu%2Fwp-content%2Fuploads%2F2021%2F12%2FRapportage-Citizens-Summits-on-COVID-19_DE.pdf&#8220;][\/vc_column][\/vc_row][vc_row][vc_column][vc_btn title=&#8220;Das Factsheet zu den B\u00fcrgergipfeln&#8220; color=&#8220;primary&#8220; link=&#8220;url:https%3A%2F%2Feuprevent.eu%2Fwp-content%2Fuploads%2F2021%2F12%2FFactsheet-Citizens-Summits-on-COVID-19_DE.pdf&#8220;][\/vc_column][\/vc_row][vc_row][vc_column][vc_btn title=&#8220;Das Factsheet zur Analyse&#8220; color=&#8220;primary&#8220; link=&#8220;url:https%3A%2F%2Feuprevent.eu%2Fwp-content%2Fuploads%2F2021%2F12%2FFactsheet_EMR-_Studie_DE.pdf&#8220;][\/vc_column][\/vc_row]<\/p>\n<\/section>","protected":false},"excerpt":{"rendered":"<p>[vc_row][vc_column][vc_column_text]Das Interreg EMR-Projekt &#8222;Die Auswirkungen von COVID-19 auf die Euroregion Maas-Rhein&#8220; (genannt: Projekt euPrevent COVID-19) hielt am Donnerstag, den 16. Dezember 2021, seine Abschlusskonferenz ab. Das Projekt euPrevent COVID-19 zielt darauf ab, die Auswirkungen von COVID-19 auf die Bev\u00f6lkerung in der Maas-Rhein-Euroregion (EMR) zu bewerten. Das hei\u00dft, Bezugsgr\u00f6\u00dfe sind die Menschen, die in den Grenzregionen [&hellip;]<\/p>\n","protected":false},"author":3,"featured_media":16714,"comment_status":"closed","ping_status":"closed","sticky":false,"template":"","format":"standard","meta":{"_acf_changed":false,"footnotes":""},"categories":[23],"tags":[],"class_list":["post-16754","post","type-post","status-publish","format-standard","has-post-thumbnail","hentry","category-unkategorisiert","programmes-infectious-diseases","projects-project-covid-19"],"acf":[],"yoast_head":"<!-- This site is optimized with the Yoast SEO plugin v27.5 - https:\/\/yoast.com\/product\/yoast-seo-wordpress\/ -->\n<title>Abschlusskonferenz &quot;Die Auswirkungen von COVID-19 auf die Euroregion Maas-Rhein&quot; - euPrevent<\/title>\n<meta name=\"robots\" content=\"index, follow, max-snippet:-1, max-image-preview:large, max-video-preview:-1\" \/>\n<link rel=\"canonical\" href=\"https:\/\/euprevent.eu\/de\/final-conference-the-impact-of-covid-19-on-the-meuse-rhine-euroregion\/\" \/>\n<meta property=\"og:locale\" content=\"de_DE\" \/>\n<meta property=\"og:type\" content=\"article\" \/>\n<meta property=\"og:title\" content=\"Abschlusskonferenz &quot;Die Auswirkungen von COVID-19 auf die Euroregion Maas-Rhein&quot; - euPrevent\" \/>\n<meta property=\"og:description\" content=\"[vc_row][vc_column][vc_column_text]Das Interreg EMR-Projekt &#8222;Die Auswirkungen von COVID-19 auf die Euroregion Maas-Rhein&#8220; (genannt: Projekt euPrevent COVID-19) hielt am Donnerstag, den 16. Dezember 2021, seine Abschlusskonferenz ab. Das Projekt euPrevent COVID-19 zielt darauf ab, die Auswirkungen von COVID-19 auf die Bev\u00f6lkerung in der Maas-Rhein-Euroregion (EMR) zu bewerten. Das hei\u00dft, Bezugsgr\u00f6\u00dfe sind die Menschen, die in den Grenzregionen [&hellip;]\" \/>\n<meta property=\"og:url\" content=\"https:\/\/euprevent.eu\/de\/final-conference-the-impact-of-covid-19-on-the-meuse-rhine-euroregion\/\" \/>\n<meta property=\"og:site_name\" content=\"euPrevent\" \/>\n<meta property=\"article:published_time\" content=\"2021-12-20T08:39:43+00:00\" \/>\n<meta property=\"article:modified_time\" content=\"2021-12-20T08:47:21+00:00\" \/>\n<meta property=\"og:image\" content=\"https:\/\/euprevent.eu\/wp-content\/uploads\/2021\/12\/covid19_rapportage.png\" \/>\n\t<meta property=\"og:image:width\" content=\"1666\" \/>\n\t<meta property=\"og:image:height\" content=\"1470\" \/>\n\t<meta property=\"og:image:type\" content=\"image\/png\" \/>\n<meta name=\"author\" content=\"Communication euPrevent\" \/>\n<meta name=\"twitter:card\" content=\"summary_large_image\" \/>\n<meta name=\"twitter:label1\" content=\"Verfasst von\" \/>\n\t<meta name=\"twitter:data1\" content=\"Communication euPrevent\" \/>\n\t<meta name=\"twitter:label2\" content=\"Gesch\u00e4tzte Lesezeit\" \/>\n\t<meta name=\"twitter:data2\" content=\"2\u00a0Minuten\" \/>\n<script type=\"application\/ld+json\" class=\"yoast-schema-graph\">{\"@context\":\"https:\\\/\\\/schema.org\",\"@graph\":[{\"@type\":\"Article\",\"@id\":\"https:\\\/\\\/euprevent.eu\\\/de\\\/final-conference-the-impact-of-covid-19-on-the-meuse-rhine-euroregion\\\/#article\",\"isPartOf\":{\"@id\":\"https:\\\/\\\/euprevent.eu\\\/de\\\/final-conference-the-impact-of-covid-19-on-the-meuse-rhine-euroregion\\\/\"},\"author\":{\"name\":\"Communication euPrevent\",\"@id\":\"https:\\\/\\\/euprevent.eu\\\/de\\\/#\\\/schema\\\/person\\\/c78f5e651f86d51d78976d2651a60b8b\"},\"headline\":\"Abschlusskonferenz &#8222;Die Auswirkungen von COVID-19 auf die Euroregion Maas-Rhein&#8220;\",\"datePublished\":\"2021-12-20T08:39:43+00:00\",\"dateModified\":\"2021-12-20T08:47:21+00:00\",\"mainEntityOfPage\":{\"@id\":\"https:\\\/\\\/euprevent.eu\\\/de\\\/final-conference-the-impact-of-covid-19-on-the-meuse-rhine-euroregion\\\/\"},\"wordCount\":426,\"image\":{\"@id\":\"https:\\\/\\\/euprevent.eu\\\/de\\\/final-conference-the-impact-of-covid-19-on-the-meuse-rhine-euroregion\\\/#primaryimage\"},\"thumbnailUrl\":\"https:\\\/\\\/euprevent.eu\\\/wp-content\\\/uploads\\\/2021\\\/12\\\/covid19_rapportage.png\",\"articleSection\":[\"Unkategorisiert\"],\"inLanguage\":\"de\"},{\"@type\":\"WebPage\",\"@id\":\"https:\\\/\\\/euprevent.eu\\\/de\\\/final-conference-the-impact-of-covid-19-on-the-meuse-rhine-euroregion\\\/\",\"url\":\"https:\\\/\\\/euprevent.eu\\\/de\\\/final-conference-the-impact-of-covid-19-on-the-meuse-rhine-euroregion\\\/\",\"name\":\"Abschlusskonferenz \\\"Die Auswirkungen von COVID-19 auf die Euroregion Maas-Rhein\\\" - euPrevent\",\"isPartOf\":{\"@id\":\"https:\\\/\\\/euprevent.eu\\\/de\\\/#website\"},\"primaryImageOfPage\":{\"@id\":\"https:\\\/\\\/euprevent.eu\\\/de\\\/final-conference-the-impact-of-covid-19-on-the-meuse-rhine-euroregion\\\/#primaryimage\"},\"image\":{\"@id\":\"https:\\\/\\\/euprevent.eu\\\/de\\\/final-conference-the-impact-of-covid-19-on-the-meuse-rhine-euroregion\\\/#primaryimage\"},\"thumbnailUrl\":\"https:\\\/\\\/euprevent.eu\\\/wp-content\\\/uploads\\\/2021\\\/12\\\/covid19_rapportage.png\",\"datePublished\":\"2021-12-20T08:39:43+00:00\",\"dateModified\":\"2021-12-20T08:47:21+00:00\",\"author\":{\"@id\":\"https:\\\/\\\/euprevent.eu\\\/de\\\/#\\\/schema\\\/person\\\/c78f5e651f86d51d78976d2651a60b8b\"},\"breadcrumb\":{\"@id\":\"https:\\\/\\\/euprevent.eu\\\/de\\\/final-conference-the-impact-of-covid-19-on-the-meuse-rhine-euroregion\\\/#breadcrumb\"},\"inLanguage\":\"de\",\"potentialAction\":[{\"@type\":\"ReadAction\",\"target\":[\"https:\\\/\\\/euprevent.eu\\\/de\\\/final-conference-the-impact-of-covid-19-on-the-meuse-rhine-euroregion\\\/\"]}]},{\"@type\":\"ImageObject\",\"inLanguage\":\"de\",\"@id\":\"https:\\\/\\\/euprevent.eu\\\/de\\\/final-conference-the-impact-of-covid-19-on-the-meuse-rhine-euroregion\\\/#primaryimage\",\"url\":\"https:\\\/\\\/euprevent.eu\\\/wp-content\\\/uploads\\\/2021\\\/12\\\/covid19_rapportage.png\",\"contentUrl\":\"https:\\\/\\\/euprevent.eu\\\/wp-content\\\/uploads\\\/2021\\\/12\\\/covid19_rapportage.png\",\"width\":1666,\"height\":1470},{\"@type\":\"BreadcrumbList\",\"@id\":\"https:\\\/\\\/euprevent.eu\\\/de\\\/final-conference-the-impact-of-covid-19-on-the-meuse-rhine-euroregion\\\/#breadcrumb\",\"itemListElement\":[{\"@type\":\"ListItem\",\"position\":1,\"name\":\"Home\",\"item\":\"https:\\\/\\\/euprevent.eu\\\/de\\\/\"},{\"@type\":\"ListItem\",\"position\":2,\"name\":\"Abschlusskonferenz \u00ab\u00a0Die Auswirkungen von COVID-19 auf die Euroregion Maas-Rhein\u00a0\u00bb\"}]},{\"@type\":\"WebSite\",\"@id\":\"https:\\\/\\\/euprevent.eu\\\/de\\\/#website\",\"url\":\"https:\\\/\\\/euprevent.eu\\\/de\\\/\",\"name\":\"euPrevent\",\"description\":\"euPrevent is a Euroregional network that focuses on promoting health. Within this network, sustainable partnerships seek to increase the quality of life of residents in the border region between the Netherlands, Belgium and Germany.\",\"potentialAction\":[{\"@type\":\"SearchAction\",\"target\":{\"@type\":\"EntryPoint\",\"urlTemplate\":\"https:\\\/\\\/euprevent.eu\\\/de\\\/?s={search_term_string}\"},\"query-input\":{\"@type\":\"PropertyValueSpecification\",\"valueRequired\":true,\"valueName\":\"search_term_string\"}}],\"inLanguage\":\"de\"},{\"@type\":\"Person\",\"@id\":\"https:\\\/\\\/euprevent.eu\\\/de\\\/#\\\/schema\\\/person\\\/c78f5e651f86d51d78976d2651a60b8b\",\"name\":\"Communication euPrevent\"}]}<\/script>\n<!-- \/ Yoast SEO plugin. -->","yoast_head_json":{"title":"Abschlusskonferenz \"Die Auswirkungen von COVID-19 auf die Euroregion Maas-Rhein\" - euPrevent","robots":{"index":"index","follow":"follow","max-snippet":"max-snippet:-1","max-image-preview":"max-image-preview:large","max-video-preview":"max-video-preview:-1"},"canonical":"https:\/\/euprevent.eu\/de\/final-conference-the-impact-of-covid-19-on-the-meuse-rhine-euroregion\/","og_locale":"de_DE","og_type":"article","og_title":"Abschlusskonferenz \"Die Auswirkungen von COVID-19 auf die Euroregion Maas-Rhein\" - euPrevent","og_description":"[vc_row][vc_column][vc_column_text]Das Interreg EMR-Projekt &#8222;Die Auswirkungen von COVID-19 auf die Euroregion Maas-Rhein&#8220; (genannt: Projekt euPrevent COVID-19) hielt am Donnerstag, den 16. Dezember 2021, seine Abschlusskonferenz ab. Das Projekt euPrevent COVID-19 zielt darauf ab, die Auswirkungen von COVID-19 auf die Bev\u00f6lkerung in der Maas-Rhein-Euroregion (EMR) zu bewerten. Das hei\u00dft, Bezugsgr\u00f6\u00dfe sind die Menschen, die in den Grenzregionen [&hellip;]","og_url":"https:\/\/euprevent.eu\/de\/final-conference-the-impact-of-covid-19-on-the-meuse-rhine-euroregion\/","og_site_name":"euPrevent","article_published_time":"2021-12-20T08:39:43+00:00","article_modified_time":"2021-12-20T08:47:21+00:00","og_image":[{"width":1666,"height":1470,"url":"https:\/\/euprevent.eu\/wp-content\/uploads\/2021\/12\/covid19_rapportage.png","type":"image\/png"}],"author":"Communication euPrevent","twitter_card":"summary_large_image","twitter_misc":{"Verfasst von":"Communication euPrevent","Gesch\u00e4tzte Lesezeit":"2\u00a0Minuten"},"schema":{"@context":"https:\/\/schema.org","@graph":[{"@type":"Article","@id":"https:\/\/euprevent.eu\/de\/final-conference-the-impact-of-covid-19-on-the-meuse-rhine-euroregion\/#article","isPartOf":{"@id":"https:\/\/euprevent.eu\/de\/final-conference-the-impact-of-covid-19-on-the-meuse-rhine-euroregion\/"},"author":{"name":"Communication euPrevent","@id":"https:\/\/euprevent.eu\/de\/#\/schema\/person\/c78f5e651f86d51d78976d2651a60b8b"},"headline":"Abschlusskonferenz &#8222;Die Auswirkungen von COVID-19 auf die Euroregion Maas-Rhein&#8220;","datePublished":"2021-12-20T08:39:43+00:00","dateModified":"2021-12-20T08:47:21+00:00","mainEntityOfPage":{"@id":"https:\/\/euprevent.eu\/de\/final-conference-the-impact-of-covid-19-on-the-meuse-rhine-euroregion\/"},"wordCount":426,"image":{"@id":"https:\/\/euprevent.eu\/de\/final-conference-the-impact-of-covid-19-on-the-meuse-rhine-euroregion\/#primaryimage"},"thumbnailUrl":"https:\/\/euprevent.eu\/wp-content\/uploads\/2021\/12\/covid19_rapportage.png","articleSection":["Unkategorisiert"],"inLanguage":"de"},{"@type":"WebPage","@id":"https:\/\/euprevent.eu\/de\/final-conference-the-impact-of-covid-19-on-the-meuse-rhine-euroregion\/","url":"https:\/\/euprevent.eu\/de\/final-conference-the-impact-of-covid-19-on-the-meuse-rhine-euroregion\/","name":"Abschlusskonferenz \"Die Auswirkungen von COVID-19 auf die Euroregion Maas-Rhein\" - euPrevent","isPartOf":{"@id":"https:\/\/euprevent.eu\/de\/#website"},"primaryImageOfPage":{"@id":"https:\/\/euprevent.eu\/de\/final-conference-the-impact-of-covid-19-on-the-meuse-rhine-euroregion\/#primaryimage"},"image":{"@id":"https:\/\/euprevent.eu\/de\/final-conference-the-impact-of-covid-19-on-the-meuse-rhine-euroregion\/#primaryimage"},"thumbnailUrl":"https:\/\/euprevent.eu\/wp-content\/uploads\/2021\/12\/covid19_rapportage.png","datePublished":"2021-12-20T08:39:43+00:00","dateModified":"2021-12-20T08:47:21+00:00","author":{"@id":"https:\/\/euprevent.eu\/de\/#\/schema\/person\/c78f5e651f86d51d78976d2651a60b8b"},"breadcrumb":{"@id":"https:\/\/euprevent.eu\/de\/final-conference-the-impact-of-covid-19-on-the-meuse-rhine-euroregion\/#breadcrumb"},"inLanguage":"de","potentialAction":[{"@type":"ReadAction","target":["https:\/\/euprevent.eu\/de\/final-conference-the-impact-of-covid-19-on-the-meuse-rhine-euroregion\/"]}]},{"@type":"ImageObject","inLanguage":"de","@id":"https:\/\/euprevent.eu\/de\/final-conference-the-impact-of-covid-19-on-the-meuse-rhine-euroregion\/#primaryimage","url":"https:\/\/euprevent.eu\/wp-content\/uploads\/2021\/12\/covid19_rapportage.png","contentUrl":"https:\/\/euprevent.eu\/wp-content\/uploads\/2021\/12\/covid19_rapportage.png","width":1666,"height":1470},{"@type":"BreadcrumbList","@id":"https:\/\/euprevent.eu\/de\/final-conference-the-impact-of-covid-19-on-the-meuse-rhine-euroregion\/#breadcrumb","itemListElement":[{"@type":"ListItem","position":1,"name":"Home","item":"https:\/\/euprevent.eu\/de\/"},{"@type":"ListItem","position":2,"name":"Abschlusskonferenz \u00ab\u00a0Die Auswirkungen von COVID-19 auf die Euroregion Maas-Rhein\u00a0\u00bb"}]},{"@type":"WebSite","@id":"https:\/\/euprevent.eu\/de\/#website","url":"https:\/\/euprevent.eu\/de\/","name":"euPrevent","description":"euPrevent is a Euroregional network that focuses on promoting health. Within this network, sustainable partnerships seek to increase the quality of life of residents in the border region between the Netherlands, Belgium and Germany.","potentialAction":[{"@type":"SearchAction","target":{"@type":"EntryPoint","urlTemplate":"https:\/\/euprevent.eu\/de\/?s={search_term_string}"},"query-input":{"@type":"PropertyValueSpecification","valueRequired":true,"valueName":"search_term_string"}}],"inLanguage":"de"},{"@type":"Person","@id":"https:\/\/euprevent.eu\/de\/#\/schema\/person\/c78f5e651f86d51d78976d2651a60b8b","name":"Communication euPrevent"}]}},"_links":{"self":[{"href":"https:\/\/euprevent.eu\/de\/wp-json\/wp\/v2\/posts\/16754","targetHints":{"allow":["GET"]}}],"collection":[{"href":"https:\/\/euprevent.eu\/de\/wp-json\/wp\/v2\/posts"}],"about":[{"href":"https:\/\/euprevent.eu\/de\/wp-json\/wp\/v2\/types\/post"}],"author":[{"embeddable":true,"href":"https:\/\/euprevent.eu\/de\/wp-json\/wp\/v2\/users\/3"}],"replies":[{"embeddable":true,"href":"https:\/\/euprevent.eu\/de\/wp-json\/wp\/v2\/comments?post=16754"}],"version-history":[{"count":4,"href":"https:\/\/euprevent.eu\/de\/wp-json\/wp\/v2\/posts\/16754\/revisions"}],"predecessor-version":[{"id":16767,"href":"https:\/\/euprevent.eu\/de\/wp-json\/wp\/v2\/posts\/16754\/revisions\/16767"}],"wp:featuredmedia":[{"embeddable":true,"href":"https:\/\/euprevent.eu\/de\/wp-json\/wp\/v2\/media\/16714"}],"wp:attachment":[{"href":"https:\/\/euprevent.eu\/de\/wp-json\/wp\/v2\/media?parent=16754"}],"wp:term":[{"taxonomy":"category","embeddable":true,"href":"https:\/\/euprevent.eu\/de\/wp-json\/wp\/v2\/categories?post=16754"},{"taxonomy":"post_tag","embeddable":true,"href":"https:\/\/euprevent.eu\/de\/wp-json\/wp\/v2\/tags?post=16754"}],"curies":[{"name":"wp","href":"https:\/\/api.w.org\/{rel}","templated":true}]}}