


{"id":13999,"date":"2021-02-09T14:06:10","date_gmt":"2021-02-09T13:06:10","guid":{"rendered":"https:\/\/euprevent.eu\/beyond-borders-breakfast-debate-on-public-service-delivery-and-cooperation-during-the-covid-19-pandemic\/"},"modified":"2022-01-03T11:18:40","modified_gmt":"2022-01-03T10:18:40","slug":"beyond-borders-breakfast-debate-on-public-service-delivery-and-cooperation-during-the-covid-19-pandemic","status":"publish","type":"post","link":"https:\/\/euprevent.eu\/de\/beyond-borders-breakfast-debate-on-public-service-delivery-and-cooperation-during-the-covid-19-pandemic\/","title":{"rendered":"\u201cJenseits der Grenzen: Fr\u00fchst\u00fccksdebatte&#8220; \u00fcber die Erbringung \u00f6ffentlicher Dienstleistungen und Zusammenarbeit w\u00e4hrend der COVID-19-Pandemie"},"content":{"rendered":"<p>Am 9. Februar veranstaltete die Europ\u00e4ische Kommission eine Fr\u00fchst\u00fccksdebatte des Border Focal Point Network, zu der auch die Direktorin von euPrevent, Brigitte van der Zanden, eingeladen war. Diese Debatte ist die erste Sitzung einer Reihe von Fr\u00fchst\u00fccksdebatten, die Wege aufzeigen sollen, wie die EU und die Mitgliedsstaaten Hindernisse f\u00fcr die grenz\u00fcberschreitende Zusammenarbeit abbauen und die Zusammenlegung von Dienstleistungen entlang der EU-Binnengrenzen f\u00f6rdern k\u00f6nnen. Weitere Redner bei der Debatte sind:<\/p>\n<p>Pascal Boijmans, Referatsleiter, DG Regio, Europ\u00e4ische Kommission<\/p>\n<p>Nicolas Rossignol, Referatsleiter, ESPON<\/p>\n<p>Dirk Peters, Senior Experte, DG Regio, Europ\u00e4ische Kommission<\/p>\n<p>Julia Winkler, EU-Projektleiterin, Gesundheitsagentur Nieder\u00f6sterreich, Healthacross Nathalie Verschelde, Stellvertretende Referatsleiterin, DG Regio, Europ\u00e4ische Kommission<\/p>\n<p>Jean Peyrony, Generaldirektor, The Mot<\/p>\n<p>Mart\u00edn Guillermo Ramirez, Generalsekret\u00e4r, AGEG<\/p>\n<p>Die Referenten diskutierten \u00fcber die Auswirkungen der COVID-Pandemie auf die Zusammenarbeit in den europ\u00e4ischen Grenzgebieten, \u00fcber Erfahrungen, die genutzt werden k\u00f6nnen, um negative Auswirkungen auf die Grenzen l\u00e4ngerfristig abzumildern, und \u00fcber die Rolle, die grenz\u00fcbergreifende \u00f6ffentliche Dienste im Hinblick auf Erholungsstrategien nach der COVID-Pandemie spielen k\u00f6nnen.<\/p>\n","protected":false},"excerpt":{"rendered":"<p>Am 9. Februar veranstaltete die Europ\u00e4ische Kommission eine Fr\u00fchst\u00fccksdebatte des Border Focal Point Network, zu der auch die Direktorin von euPrevent, Brigitte van der Zanden, eingeladen war. Diese Debatte ist die erste Sitzung einer Reihe von Fr\u00fchst\u00fccksdebatten, die Wege aufzeigen sollen, wie die EU und die Mitgliedsstaaten Hindernisse f\u00fcr die grenz\u00fcberschreitende Zusammenarbeit abbauen und die [&hellip;]<\/p>\n","protected":false},"author":3,"featured_media":14010,"comment_status":"closed","ping_status":"closed","sticky":false,"template":"","format":"standard","meta":{"_acf_changed":false,"footnotes":""},"categories":[23],"tags":[],"class_list":["post-13999","post","type-post","status-publish","format-standard","has-post-thumbnail","hentry","category-unkategorisiert","programmes-infectious-diseases","projects-corona-research-in-the-border-region","projects-corona-onderzoek-in-de-grensregio","projects-coronaforschung-in-der-grenzregion","projects-recherche-sur-le-corona-dans-la-region-frontaliere"],"acf":[],"yoast_head":"<!-- This site is optimized with the Yoast SEO plugin v27.5 - https:\/\/yoast.com\/product\/yoast-seo-wordpress\/ -->\n<title>\u201cJenseits der Grenzen: Fr\u00fchst\u00fccksdebatte&quot; \u00fcber die Erbringung \u00f6ffentlicher Dienstleistungen und Zusammenarbeit w\u00e4hrend der COVID-19-Pandemie - euPrevent<\/title>\n<meta name=\"robots\" content=\"index, follow, max-snippet:-1, max-image-preview:large, max-video-preview:-1\" \/>\n<link rel=\"canonical\" href=\"https:\/\/euprevent.eu\/de\/beyond-borders-breakfast-debate-on-public-service-delivery-and-cooperation-during-the-covid-19-pandemic\/\" \/>\n<meta property=\"og:locale\" content=\"de_DE\" \/>\n<meta property=\"og:type\" content=\"article\" \/>\n<meta property=\"og:title\" content=\"\u201cJenseits der Grenzen: Fr\u00fchst\u00fccksdebatte&quot; \u00fcber die Erbringung \u00f6ffentlicher Dienstleistungen und Zusammenarbeit w\u00e4hrend der COVID-19-Pandemie - euPrevent\" \/>\n<meta property=\"og:description\" content=\"Am 9. Februar veranstaltete die Europ\u00e4ische Kommission eine Fr\u00fchst\u00fccksdebatte des Border Focal Point Network, zu der auch die Direktorin von euPrevent, Brigitte van der Zanden, eingeladen war. Diese Debatte ist die erste Sitzung einer Reihe von Fr\u00fchst\u00fccksdebatten, die Wege aufzeigen sollen, wie die EU und die Mitgliedsstaaten Hindernisse f\u00fcr die grenz\u00fcberschreitende Zusammenarbeit abbauen und die [&hellip;]\" \/>\n<meta property=\"og:url\" content=\"https:\/\/euprevent.eu\/de\/beyond-borders-breakfast-debate-on-public-service-delivery-and-cooperation-during-the-covid-19-pandemic\/\" \/>\n<meta property=\"og:site_name\" content=\"euPrevent\" \/>\n<meta property=\"article:published_time\" content=\"2021-02-09T13:06:10+00:00\" \/>\n<meta property=\"article:modified_time\" content=\"2022-01-03T10:18:40+00:00\" \/>\n<meta property=\"og:image\" content=\"https:\/\/euprevent.eu\/wp-content\/uploads\/2021\/02\/Capture.png\" \/>\n\t<meta property=\"og:image:width\" content=\"890\" \/>\n\t<meta property=\"og:image:height\" content=\"487\" \/>\n\t<meta property=\"og:image:type\" content=\"image\/png\" \/>\n<meta name=\"author\" content=\"Communication euPrevent\" \/>\n<meta name=\"twitter:card\" content=\"summary_large_image\" \/>\n<meta name=\"twitter:label1\" content=\"Verfasst von\" \/>\n\t<meta name=\"twitter:data1\" content=\"Communication euPrevent\" \/>\n\t<meta name=\"twitter:label2\" content=\"Gesch\u00e4tzte Lesezeit\" \/>\n\t<meta name=\"twitter:data2\" content=\"1\u00a0Minute\" \/>\n<script type=\"application\/ld+json\" class=\"yoast-schema-graph\">{\"@context\":\"https:\\\/\\\/schema.org\",\"@graph\":[{\"@type\":\"Article\",\"@id\":\"https:\\\/\\\/euprevent.eu\\\/de\\\/beyond-borders-breakfast-debate-on-public-service-delivery-and-cooperation-during-the-covid-19-pandemic\\\/#article\",\"isPartOf\":{\"@id\":\"https:\\\/\\\/euprevent.eu\\\/de\\\/beyond-borders-breakfast-debate-on-public-service-delivery-and-cooperation-during-the-covid-19-pandemic\\\/\"},\"author\":{\"name\":\"Communication euPrevent\",\"@id\":\"https:\\\/\\\/euprevent.eu\\\/de\\\/#\\\/schema\\\/person\\\/c78f5e651f86d51d78976d2651a60b8b\"},\"headline\":\"\u201cJenseits der Grenzen: Fr\u00fchst\u00fccksdebatte&#8220; \u00fcber die Erbringung \u00f6ffentlicher Dienstleistungen und Zusammenarbeit w\u00e4hrend der COVID-19-Pandemie\",\"datePublished\":\"2021-02-09T13:06:10+00:00\",\"dateModified\":\"2022-01-03T10:18:40+00:00\",\"mainEntityOfPage\":{\"@id\":\"https:\\\/\\\/euprevent.eu\\\/de\\\/beyond-borders-breakfast-debate-on-public-service-delivery-and-cooperation-during-the-covid-19-pandemic\\\/\"},\"wordCount\":195,\"image\":{\"@id\":\"https:\\\/\\\/euprevent.eu\\\/de\\\/beyond-borders-breakfast-debate-on-public-service-delivery-and-cooperation-during-the-covid-19-pandemic\\\/#primaryimage\"},\"thumbnailUrl\":\"https:\\\/\\\/euprevent.eu\\\/wp-content\\\/uploads\\\/2021\\\/02\\\/Capture.png\",\"articleSection\":[\"Unkategorisiert\"],\"inLanguage\":\"de\"},{\"@type\":\"WebPage\",\"@id\":\"https:\\\/\\\/euprevent.eu\\\/de\\\/beyond-borders-breakfast-debate-on-public-service-delivery-and-cooperation-during-the-covid-19-pandemic\\\/\",\"url\":\"https:\\\/\\\/euprevent.eu\\\/de\\\/beyond-borders-breakfast-debate-on-public-service-delivery-and-cooperation-during-the-covid-19-pandemic\\\/\",\"name\":\"\u201cJenseits der Grenzen: Fr\u00fchst\u00fccksdebatte\\\" \u00fcber die Erbringung \u00f6ffentlicher Dienstleistungen und Zusammenarbeit w\u00e4hrend der COVID-19-Pandemie - euPrevent\",\"isPartOf\":{\"@id\":\"https:\\\/\\\/euprevent.eu\\\/de\\\/#website\"},\"primaryImageOfPage\":{\"@id\":\"https:\\\/\\\/euprevent.eu\\\/de\\\/beyond-borders-breakfast-debate-on-public-service-delivery-and-cooperation-during-the-covid-19-pandemic\\\/#primaryimage\"},\"image\":{\"@id\":\"https:\\\/\\\/euprevent.eu\\\/de\\\/beyond-borders-breakfast-debate-on-public-service-delivery-and-cooperation-during-the-covid-19-pandemic\\\/#primaryimage\"},\"thumbnailUrl\":\"https:\\\/\\\/euprevent.eu\\\/wp-content\\\/uploads\\\/2021\\\/02\\\/Capture.png\",\"datePublished\":\"2021-02-09T13:06:10+00:00\",\"dateModified\":\"2022-01-03T10:18:40+00:00\",\"author\":{\"@id\":\"https:\\\/\\\/euprevent.eu\\\/de\\\/#\\\/schema\\\/person\\\/c78f5e651f86d51d78976d2651a60b8b\"},\"breadcrumb\":{\"@id\":\"https:\\\/\\\/euprevent.eu\\\/de\\\/beyond-borders-breakfast-debate-on-public-service-delivery-and-cooperation-during-the-covid-19-pandemic\\\/#breadcrumb\"},\"inLanguage\":\"de\",\"potentialAction\":[{\"@type\":\"ReadAction\",\"target\":[\"https:\\\/\\\/euprevent.eu\\\/de\\\/beyond-borders-breakfast-debate-on-public-service-delivery-and-cooperation-during-the-covid-19-pandemic\\\/\"]}]},{\"@type\":\"ImageObject\",\"inLanguage\":\"de\",\"@id\":\"https:\\\/\\\/euprevent.eu\\\/de\\\/beyond-borders-breakfast-debate-on-public-service-delivery-and-cooperation-during-the-covid-19-pandemic\\\/#primaryimage\",\"url\":\"https:\\\/\\\/euprevent.eu\\\/wp-content\\\/uploads\\\/2021\\\/02\\\/Capture.png\",\"contentUrl\":\"https:\\\/\\\/euprevent.eu\\\/wp-content\\\/uploads\\\/2021\\\/02\\\/Capture.png\",\"width\":890,\"height\":487},{\"@type\":\"BreadcrumbList\",\"@id\":\"https:\\\/\\\/euprevent.eu\\\/de\\\/beyond-borders-breakfast-debate-on-public-service-delivery-and-cooperation-during-the-covid-19-pandemic\\\/#breadcrumb\",\"itemListElement\":[{\"@type\":\"ListItem\",\"position\":1,\"name\":\"Home\",\"item\":\"https:\\\/\\\/euprevent.eu\\\/de\\\/\"},{\"@type\":\"ListItem\",\"position\":2,\"name\":\"\u201cJenseits der Grenzen: Fr\u00fchst\u00fccksdebatte&#8221; \u00fcber die Erbringung \u00f6ffentlicher Dienstleistungen und Zusammenarbeit w\u00e4hrend der COVID-19-Pandemie\"}]},{\"@type\":\"WebSite\",\"@id\":\"https:\\\/\\\/euprevent.eu\\\/de\\\/#website\",\"url\":\"https:\\\/\\\/euprevent.eu\\\/de\\\/\",\"name\":\"euPrevent\",\"description\":\"euPrevent is a Euroregional network that focuses on promoting health. Within this network, sustainable partnerships seek to increase the quality of life of residents in the border region between the Netherlands, Belgium and Germany.\",\"potentialAction\":[{\"@type\":\"SearchAction\",\"target\":{\"@type\":\"EntryPoint\",\"urlTemplate\":\"https:\\\/\\\/euprevent.eu\\\/de\\\/?s={search_term_string}\"},\"query-input\":{\"@type\":\"PropertyValueSpecification\",\"valueRequired\":true,\"valueName\":\"search_term_string\"}}],\"inLanguage\":\"de\"},{\"@type\":\"Person\",\"@id\":\"https:\\\/\\\/euprevent.eu\\\/de\\\/#\\\/schema\\\/person\\\/c78f5e651f86d51d78976d2651a60b8b\",\"name\":\"Communication euPrevent\"}]}<\/script>\n<!-- \/ Yoast SEO plugin. -->","yoast_head_json":{"title":"\u201cJenseits der Grenzen: Fr\u00fchst\u00fccksdebatte\" \u00fcber die Erbringung \u00f6ffentlicher Dienstleistungen und Zusammenarbeit w\u00e4hrend der COVID-19-Pandemie - euPrevent","robots":{"index":"index","follow":"follow","max-snippet":"max-snippet:-1","max-image-preview":"max-image-preview:large","max-video-preview":"max-video-preview:-1"},"canonical":"https:\/\/euprevent.eu\/de\/beyond-borders-breakfast-debate-on-public-service-delivery-and-cooperation-during-the-covid-19-pandemic\/","og_locale":"de_DE","og_type":"article","og_title":"\u201cJenseits der Grenzen: Fr\u00fchst\u00fccksdebatte\" \u00fcber die Erbringung \u00f6ffentlicher Dienstleistungen und Zusammenarbeit w\u00e4hrend der COVID-19-Pandemie - euPrevent","og_description":"Am 9. Februar veranstaltete die Europ\u00e4ische Kommission eine Fr\u00fchst\u00fccksdebatte des Border Focal Point Network, zu der auch die Direktorin von euPrevent, Brigitte van der Zanden, eingeladen war. Diese Debatte ist die erste Sitzung einer Reihe von Fr\u00fchst\u00fccksdebatten, die Wege aufzeigen sollen, wie die EU und die Mitgliedsstaaten Hindernisse f\u00fcr die grenz\u00fcberschreitende Zusammenarbeit abbauen und die [&hellip;]","og_url":"https:\/\/euprevent.eu\/de\/beyond-borders-breakfast-debate-on-public-service-delivery-and-cooperation-during-the-covid-19-pandemic\/","og_site_name":"euPrevent","article_published_time":"2021-02-09T13:06:10+00:00","article_modified_time":"2022-01-03T10:18:40+00:00","og_image":[{"width":890,"height":487,"url":"https:\/\/euprevent.eu\/wp-content\/uploads\/2021\/02\/Capture.png","type":"image\/png"}],"author":"Communication euPrevent","twitter_card":"summary_large_image","twitter_misc":{"Verfasst von":"Communication euPrevent","Gesch\u00e4tzte Lesezeit":"1\u00a0Minute"},"schema":{"@context":"https:\/\/schema.org","@graph":[{"@type":"Article","@id":"https:\/\/euprevent.eu\/de\/beyond-borders-breakfast-debate-on-public-service-delivery-and-cooperation-during-the-covid-19-pandemic\/#article","isPartOf":{"@id":"https:\/\/euprevent.eu\/de\/beyond-borders-breakfast-debate-on-public-service-delivery-and-cooperation-during-the-covid-19-pandemic\/"},"author":{"name":"Communication euPrevent","@id":"https:\/\/euprevent.eu\/de\/#\/schema\/person\/c78f5e651f86d51d78976d2651a60b8b"},"headline":"\u201cJenseits der Grenzen: Fr\u00fchst\u00fccksdebatte&#8220; \u00fcber die Erbringung \u00f6ffentlicher Dienstleistungen und Zusammenarbeit w\u00e4hrend der COVID-19-Pandemie","datePublished":"2021-02-09T13:06:10+00:00","dateModified":"2022-01-03T10:18:40+00:00","mainEntityOfPage":{"@id":"https:\/\/euprevent.eu\/de\/beyond-borders-breakfast-debate-on-public-service-delivery-and-cooperation-during-the-covid-19-pandemic\/"},"wordCount":195,"image":{"@id":"https:\/\/euprevent.eu\/de\/beyond-borders-breakfast-debate-on-public-service-delivery-and-cooperation-during-the-covid-19-pandemic\/#primaryimage"},"thumbnailUrl":"https:\/\/euprevent.eu\/wp-content\/uploads\/2021\/02\/Capture.png","articleSection":["Unkategorisiert"],"inLanguage":"de"},{"@type":"WebPage","@id":"https:\/\/euprevent.eu\/de\/beyond-borders-breakfast-debate-on-public-service-delivery-and-cooperation-during-the-covid-19-pandemic\/","url":"https:\/\/euprevent.eu\/de\/beyond-borders-breakfast-debate-on-public-service-delivery-and-cooperation-during-the-covid-19-pandemic\/","name":"\u201cJenseits der Grenzen: Fr\u00fchst\u00fccksdebatte\" \u00fcber die Erbringung \u00f6ffentlicher Dienstleistungen und Zusammenarbeit w\u00e4hrend der COVID-19-Pandemie - euPrevent","isPartOf":{"@id":"https:\/\/euprevent.eu\/de\/#website"},"primaryImageOfPage":{"@id":"https:\/\/euprevent.eu\/de\/beyond-borders-breakfast-debate-on-public-service-delivery-and-cooperation-during-the-covid-19-pandemic\/#primaryimage"},"image":{"@id":"https:\/\/euprevent.eu\/de\/beyond-borders-breakfast-debate-on-public-service-delivery-and-cooperation-during-the-covid-19-pandemic\/#primaryimage"},"thumbnailUrl":"https:\/\/euprevent.eu\/wp-content\/uploads\/2021\/02\/Capture.png","datePublished":"2021-02-09T13:06:10+00:00","dateModified":"2022-01-03T10:18:40+00:00","author":{"@id":"https:\/\/euprevent.eu\/de\/#\/schema\/person\/c78f5e651f86d51d78976d2651a60b8b"},"breadcrumb":{"@id":"https:\/\/euprevent.eu\/de\/beyond-borders-breakfast-debate-on-public-service-delivery-and-cooperation-during-the-covid-19-pandemic\/#breadcrumb"},"inLanguage":"de","potentialAction":[{"@type":"ReadAction","target":["https:\/\/euprevent.eu\/de\/beyond-borders-breakfast-debate-on-public-service-delivery-and-cooperation-during-the-covid-19-pandemic\/"]}]},{"@type":"ImageObject","inLanguage":"de","@id":"https:\/\/euprevent.eu\/de\/beyond-borders-breakfast-debate-on-public-service-delivery-and-cooperation-during-the-covid-19-pandemic\/#primaryimage","url":"https:\/\/euprevent.eu\/wp-content\/uploads\/2021\/02\/Capture.png","contentUrl":"https:\/\/euprevent.eu\/wp-content\/uploads\/2021\/02\/Capture.png","width":890,"height":487},{"@type":"BreadcrumbList","@id":"https:\/\/euprevent.eu\/de\/beyond-borders-breakfast-debate-on-public-service-delivery-and-cooperation-during-the-covid-19-pandemic\/#breadcrumb","itemListElement":[{"@type":"ListItem","position":1,"name":"Home","item":"https:\/\/euprevent.eu\/de\/"},{"@type":"ListItem","position":2,"name":"\u201cJenseits der Grenzen: Fr\u00fchst\u00fccksdebatte&#8221; \u00fcber die Erbringung \u00f6ffentlicher Dienstleistungen und Zusammenarbeit w\u00e4hrend der COVID-19-Pandemie"}]},{"@type":"WebSite","@id":"https:\/\/euprevent.eu\/de\/#website","url":"https:\/\/euprevent.eu\/de\/","name":"euPrevent","description":"euPrevent is a Euroregional network that focuses on promoting health. Within this network, sustainable partnerships seek to increase the quality of life of residents in the border region between the Netherlands, Belgium and Germany.","potentialAction":[{"@type":"SearchAction","target":{"@type":"EntryPoint","urlTemplate":"https:\/\/euprevent.eu\/de\/?s={search_term_string}"},"query-input":{"@type":"PropertyValueSpecification","valueRequired":true,"valueName":"search_term_string"}}],"inLanguage":"de"},{"@type":"Person","@id":"https:\/\/euprevent.eu\/de\/#\/schema\/person\/c78f5e651f86d51d78976d2651a60b8b","name":"Communication euPrevent"}]}},"_links":{"self":[{"href":"https:\/\/euprevent.eu\/de\/wp-json\/wp\/v2\/posts\/13999","targetHints":{"allow":["GET"]}}],"collection":[{"href":"https:\/\/euprevent.eu\/de\/wp-json\/wp\/v2\/posts"}],"about":[{"href":"https:\/\/euprevent.eu\/de\/wp-json\/wp\/v2\/types\/post"}],"author":[{"embeddable":true,"href":"https:\/\/euprevent.eu\/de\/wp-json\/wp\/v2\/users\/3"}],"replies":[{"embeddable":true,"href":"https:\/\/euprevent.eu\/de\/wp-json\/wp\/v2\/comments?post=13999"}],"version-history":[{"count":1,"href":"https:\/\/euprevent.eu\/de\/wp-json\/wp\/v2\/posts\/13999\/revisions"}],"predecessor-version":[{"id":14003,"href":"https:\/\/euprevent.eu\/de\/wp-json\/wp\/v2\/posts\/13999\/revisions\/14003"}],"wp:featuredmedia":[{"embeddable":true,"href":"https:\/\/euprevent.eu\/de\/wp-json\/wp\/v2\/media\/14010"}],"wp:attachment":[{"href":"https:\/\/euprevent.eu\/de\/wp-json\/wp\/v2\/media?parent=13999"}],"wp:term":[{"taxonomy":"category","embeddable":true,"href":"https:\/\/euprevent.eu\/de\/wp-json\/wp\/v2\/categories?post=13999"},{"taxonomy":"post_tag","embeddable":true,"href":"https:\/\/euprevent.eu\/de\/wp-json\/wp\/v2\/tags?post=13999"}],"curies":[{"name":"wp","href":"https:\/\/api.w.org\/{rel}","templated":true}]}}