


{"id":13367,"date":"2020-08-01T06:46:20","date_gmt":"2020-08-01T06:46:20","guid":{"rendered":"https:\/\/euprevent.eu\/?p=13367"},"modified":"2020-09-29T11:42:52","modified_gmt":"2020-09-29T11:42:52","slug":"auswirkungen-von-covid-19-auf-die-euroregion-maas-rhein","status":"publish","type":"post","link":"https:\/\/euprevent.eu\/de\/auswirkungen-von-covid-19-auf-die-euroregion-maas-rhein\/","title":{"rendered":"Auswirkungen von COVID-19 auf die Euroregion Maas-Rhein"},"content":{"rendered":"<section class=\"wpb-content-wrapper\"><p>[vc_row][vc_column][vc_column_text]COVID-19 oder Corona hat die ganze Welt im Griff. Das gilt auch f\u00fcr das Gebiet der Euregio Maas-Rhein. Auch in dieser Region sind viele Ma\u00dfnahmen ergriffen worden, um die Kontrolle \u00fcber die Situation wiederzuerlangen. Jetzt sind wir 5 Monate weiter, und wir stellen uns die Frage, wie der aktuelle Sachstand ist und welche Auswirkungen die Ma\u00dfnahmen in den drei L\u00e4ndern unserer Euregio (Deutschland, Belgien und den Niederlanden) haben. Sehen wir Unterschiede in der Pr\u00e4valenz von COVID-19 in der Bev\u00f6lkerung? Und wie h\u00e4ngt dies mit dem Verhalten der Bev\u00f6lkerung in allen drei L\u00e4ndern der EMR zusammen?<\/p>\n<p>GGD Zuid Limburg, euPrevent, MUMC+ und Sciensano untersuchen gemeinsam mit den Gesundheits\u00e4mtern aus D\u00fcren, Aachen und Heinsberg und dem Ministerium der Deutschsprachigen Gemeinschaft Belgiens, die Auswirkungen der nationalen Pr\u00e4ventionsma\u00dfnahmen auf das Auftreten von COVID-19 in der Bev\u00f6lkerung der Euroregion Maas-Rhein.<\/p>\n<p>Es werden zwei Runden von Bluttests durchgef\u00fchrt, f\u00fcr die Probanden aus der EMR sich im Rahmen eines Selbst-Tests Blut abnehmen, um Antik\u00f6rper gegen SARS-CoV-2 (COVID-19) zu bestimmen. Au\u00dferdem werden sie gebeten, einen Online-Fragebogen auszuf\u00fcllen. Dar\u00fcber hinaus werden pro teilnehmende Region kleine B\u00fcrgergipfel organisiert und es wird einen Kongress mit Experten\/-innen zu den Ergebnissen dieses Projekts geben.<\/p>\n<p>Das euPrevent-COVID-Projekt erh\u00e4lt einen einj\u00e4hrigen europ\u00e4ischen Zuschuss aus dem Interreg EMR-Programm. Die Ergebnisse und Empfehlungen werden f\u00fcr August 2021 erwartet.<\/p>\n<p>&nbsp;<\/p>\n<p>F\u00fcr weitere Informationen: <a href=\"https:\/\/euprevent.eu\/de\/covid-19\/\">https:\/\/euprevent.eu\/de\/covid-19\/<\/a>[\/vc_column_text][vc_single_image image=&#8220;13522&#8243; img_size=&#8220;full&#8220;][\/vc_column][\/vc_row]<\/p>\n<\/section>","protected":false},"excerpt":{"rendered":"<p>[vc_row][vc_column][vc_column_text]COVID-19 oder Corona hat die ganze Welt im Griff. Das gilt auch f\u00fcr das Gebiet der Euregio Maas-Rhein. Auch in dieser Region sind viele Ma\u00dfnahmen ergriffen worden, um die Kontrolle \u00fcber die Situation wiederzuerlangen. Jetzt sind wir 5 Monate weiter, und wir stellen uns die Frage, wie der aktuelle Sachstand ist und welche Auswirkungen die [&hellip;]<\/p>\n","protected":false},"author":3,"featured_media":13415,"comment_status":"closed","ping_status":"closed","sticky":false,"template":"","format":"standard","meta":{"_acf_changed":false,"footnotes":""},"categories":[23],"tags":[],"class_list":["post-13367","post","type-post","status-publish","format-standard","has-post-thumbnail","hentry","category-unkategorisiert","programmes-infectious-diseases","projects-project-covid-19"],"acf":[],"yoast_head":"<!-- This site is optimized with the Yoast SEO plugin v27.5 - https:\/\/yoast.com\/product\/yoast-seo-wordpress\/ -->\n<title>Auswirkungen von COVID-19 auf die Euroregion Maas-Rhein - euPrevent<\/title>\n<meta name=\"robots\" content=\"index, follow, max-snippet:-1, max-image-preview:large, max-video-preview:-1\" \/>\n<link rel=\"canonical\" href=\"https:\/\/euprevent.eu\/de\/auswirkungen-von-covid-19-auf-die-euroregion-maas-rhein\/\" \/>\n<meta property=\"og:locale\" content=\"de_DE\" \/>\n<meta property=\"og:type\" content=\"article\" \/>\n<meta property=\"og:title\" content=\"Auswirkungen von COVID-19 auf die Euroregion Maas-Rhein - euPrevent\" \/>\n<meta property=\"og:description\" content=\"[vc_row][vc_column][vc_column_text]COVID-19 oder Corona hat die ganze Welt im Griff. Das gilt auch f\u00fcr das Gebiet der Euregio Maas-Rhein. Auch in dieser Region sind viele Ma\u00dfnahmen ergriffen worden, um die Kontrolle \u00fcber die Situation wiederzuerlangen. Jetzt sind wir 5 Monate weiter, und wir stellen uns die Frage, wie der aktuelle Sachstand ist und welche Auswirkungen die [&hellip;]\" \/>\n<meta property=\"og:url\" content=\"https:\/\/euprevent.eu\/de\/auswirkungen-von-covid-19-auf-die-euroregion-maas-rhein\/\" \/>\n<meta property=\"og:site_name\" content=\"euPrevent\" \/>\n<meta property=\"article:published_time\" content=\"2020-08-01T06:46:20+00:00\" \/>\n<meta property=\"article:modified_time\" content=\"2020-09-29T11:42:52+00:00\" \/>\n<meta property=\"og:image\" content=\"https:\/\/euprevent.eu\/wp-content\/uploads\/2020\/08\/covid-logo-sq.jpg\" \/>\n\t<meta property=\"og:image:width\" content=\"662\" \/>\n\t<meta property=\"og:image:height\" content=\"548\" \/>\n\t<meta property=\"og:image:type\" content=\"image\/jpeg\" \/>\n<meta name=\"author\" content=\"Communication euPrevent\" \/>\n<meta name=\"twitter:card\" content=\"summary_large_image\" \/>\n<meta name=\"twitter:label1\" content=\"Verfasst von\" \/>\n\t<meta name=\"twitter:data1\" content=\"Communication euPrevent\" \/>\n\t<meta name=\"twitter:label2\" content=\"Gesch\u00e4tzte Lesezeit\" \/>\n\t<meta name=\"twitter:data2\" content=\"1\u00a0Minute\" \/>\n<script type=\"application\/ld+json\" class=\"yoast-schema-graph\">{\"@context\":\"https:\\\/\\\/schema.org\",\"@graph\":[{\"@type\":\"Article\",\"@id\":\"https:\\\/\\\/euprevent.eu\\\/de\\\/auswirkungen-von-covid-19-auf-die-euroregion-maas-rhein\\\/#article\",\"isPartOf\":{\"@id\":\"https:\\\/\\\/euprevent.eu\\\/de\\\/auswirkungen-von-covid-19-auf-die-euroregion-maas-rhein\\\/\"},\"author\":{\"name\":\"Communication euPrevent\",\"@id\":\"https:\\\/\\\/euprevent.eu\\\/de\\\/#\\\/schema\\\/person\\\/c78f5e651f86d51d78976d2651a60b8b\"},\"headline\":\"Auswirkungen von COVID-19 auf die Euroregion Maas-Rhein\",\"datePublished\":\"2020-08-01T06:46:20+00:00\",\"dateModified\":\"2020-09-29T11:42:52+00:00\",\"mainEntityOfPage\":{\"@id\":\"https:\\\/\\\/euprevent.eu\\\/de\\\/auswirkungen-von-covid-19-auf-die-euroregion-maas-rhein\\\/\"},\"wordCount\":273,\"image\":{\"@id\":\"https:\\\/\\\/euprevent.eu\\\/de\\\/auswirkungen-von-covid-19-auf-die-euroregion-maas-rhein\\\/#primaryimage\"},\"thumbnailUrl\":\"https:\\\/\\\/euprevent.eu\\\/wp-content\\\/uploads\\\/2020\\\/08\\\/covid-logo-sq.jpg\",\"articleSection\":[\"Unkategorisiert\"],\"inLanguage\":\"de\"},{\"@type\":\"WebPage\",\"@id\":\"https:\\\/\\\/euprevent.eu\\\/de\\\/auswirkungen-von-covid-19-auf-die-euroregion-maas-rhein\\\/\",\"url\":\"https:\\\/\\\/euprevent.eu\\\/de\\\/auswirkungen-von-covid-19-auf-die-euroregion-maas-rhein\\\/\",\"name\":\"Auswirkungen von COVID-19 auf die Euroregion Maas-Rhein - euPrevent\",\"isPartOf\":{\"@id\":\"https:\\\/\\\/euprevent.eu\\\/de\\\/#website\"},\"primaryImageOfPage\":{\"@id\":\"https:\\\/\\\/euprevent.eu\\\/de\\\/auswirkungen-von-covid-19-auf-die-euroregion-maas-rhein\\\/#primaryimage\"},\"image\":{\"@id\":\"https:\\\/\\\/euprevent.eu\\\/de\\\/auswirkungen-von-covid-19-auf-die-euroregion-maas-rhein\\\/#primaryimage\"},\"thumbnailUrl\":\"https:\\\/\\\/euprevent.eu\\\/wp-content\\\/uploads\\\/2020\\\/08\\\/covid-logo-sq.jpg\",\"datePublished\":\"2020-08-01T06:46:20+00:00\",\"dateModified\":\"2020-09-29T11:42:52+00:00\",\"author\":{\"@id\":\"https:\\\/\\\/euprevent.eu\\\/de\\\/#\\\/schema\\\/person\\\/c78f5e651f86d51d78976d2651a60b8b\"},\"breadcrumb\":{\"@id\":\"https:\\\/\\\/euprevent.eu\\\/de\\\/auswirkungen-von-covid-19-auf-die-euroregion-maas-rhein\\\/#breadcrumb\"},\"inLanguage\":\"de\",\"potentialAction\":[{\"@type\":\"ReadAction\",\"target\":[\"https:\\\/\\\/euprevent.eu\\\/de\\\/auswirkungen-von-covid-19-auf-die-euroregion-maas-rhein\\\/\"]}]},{\"@type\":\"ImageObject\",\"inLanguage\":\"de\",\"@id\":\"https:\\\/\\\/euprevent.eu\\\/de\\\/auswirkungen-von-covid-19-auf-die-euroregion-maas-rhein\\\/#primaryimage\",\"url\":\"https:\\\/\\\/euprevent.eu\\\/wp-content\\\/uploads\\\/2020\\\/08\\\/covid-logo-sq.jpg\",\"contentUrl\":\"https:\\\/\\\/euprevent.eu\\\/wp-content\\\/uploads\\\/2020\\\/08\\\/covid-logo-sq.jpg\",\"width\":662,\"height\":548},{\"@type\":\"BreadcrumbList\",\"@id\":\"https:\\\/\\\/euprevent.eu\\\/de\\\/auswirkungen-von-covid-19-auf-die-euroregion-maas-rhein\\\/#breadcrumb\",\"itemListElement\":[{\"@type\":\"ListItem\",\"position\":1,\"name\":\"Home\",\"item\":\"https:\\\/\\\/euprevent.eu\\\/de\\\/\"},{\"@type\":\"ListItem\",\"position\":2,\"name\":\"Auswirkungen von COVID-19 auf die Euroregion Maas-Rhein\"}]},{\"@type\":\"WebSite\",\"@id\":\"https:\\\/\\\/euprevent.eu\\\/de\\\/#website\",\"url\":\"https:\\\/\\\/euprevent.eu\\\/de\\\/\",\"name\":\"euPrevent\",\"description\":\"euPrevent is a Euroregional network that focuses on promoting health. Within this network, sustainable partnerships seek to increase the quality of life of residents in the border region between the Netherlands, Belgium and Germany.\",\"potentialAction\":[{\"@type\":\"SearchAction\",\"target\":{\"@type\":\"EntryPoint\",\"urlTemplate\":\"https:\\\/\\\/euprevent.eu\\\/de\\\/?s={search_term_string}\"},\"query-input\":{\"@type\":\"PropertyValueSpecification\",\"valueRequired\":true,\"valueName\":\"search_term_string\"}}],\"inLanguage\":\"de\"},{\"@type\":\"Person\",\"@id\":\"https:\\\/\\\/euprevent.eu\\\/de\\\/#\\\/schema\\\/person\\\/c78f5e651f86d51d78976d2651a60b8b\",\"name\":\"Communication euPrevent\"}]}<\/script>\n<!-- \/ Yoast SEO plugin. -->","yoast_head_json":{"title":"Auswirkungen von COVID-19 auf die Euroregion Maas-Rhein - euPrevent","robots":{"index":"index","follow":"follow","max-snippet":"max-snippet:-1","max-image-preview":"max-image-preview:large","max-video-preview":"max-video-preview:-1"},"canonical":"https:\/\/euprevent.eu\/de\/auswirkungen-von-covid-19-auf-die-euroregion-maas-rhein\/","og_locale":"de_DE","og_type":"article","og_title":"Auswirkungen von COVID-19 auf die Euroregion Maas-Rhein - euPrevent","og_description":"[vc_row][vc_column][vc_column_text]COVID-19 oder Corona hat die ganze Welt im Griff. Das gilt auch f\u00fcr das Gebiet der Euregio Maas-Rhein. Auch in dieser Region sind viele Ma\u00dfnahmen ergriffen worden, um die Kontrolle \u00fcber die Situation wiederzuerlangen. Jetzt sind wir 5 Monate weiter, und wir stellen uns die Frage, wie der aktuelle Sachstand ist und welche Auswirkungen die [&hellip;]","og_url":"https:\/\/euprevent.eu\/de\/auswirkungen-von-covid-19-auf-die-euroregion-maas-rhein\/","og_site_name":"euPrevent","article_published_time":"2020-08-01T06:46:20+00:00","article_modified_time":"2020-09-29T11:42:52+00:00","og_image":[{"width":662,"height":548,"url":"https:\/\/euprevent.eu\/wp-content\/uploads\/2020\/08\/covid-logo-sq.jpg","type":"image\/jpeg"}],"author":"Communication euPrevent","twitter_card":"summary_large_image","twitter_misc":{"Verfasst von":"Communication euPrevent","Gesch\u00e4tzte Lesezeit":"1\u00a0Minute"},"schema":{"@context":"https:\/\/schema.org","@graph":[{"@type":"Article","@id":"https:\/\/euprevent.eu\/de\/auswirkungen-von-covid-19-auf-die-euroregion-maas-rhein\/#article","isPartOf":{"@id":"https:\/\/euprevent.eu\/de\/auswirkungen-von-covid-19-auf-die-euroregion-maas-rhein\/"},"author":{"name":"Communication euPrevent","@id":"https:\/\/euprevent.eu\/de\/#\/schema\/person\/c78f5e651f86d51d78976d2651a60b8b"},"headline":"Auswirkungen von COVID-19 auf die Euroregion Maas-Rhein","datePublished":"2020-08-01T06:46:20+00:00","dateModified":"2020-09-29T11:42:52+00:00","mainEntityOfPage":{"@id":"https:\/\/euprevent.eu\/de\/auswirkungen-von-covid-19-auf-die-euroregion-maas-rhein\/"},"wordCount":273,"image":{"@id":"https:\/\/euprevent.eu\/de\/auswirkungen-von-covid-19-auf-die-euroregion-maas-rhein\/#primaryimage"},"thumbnailUrl":"https:\/\/euprevent.eu\/wp-content\/uploads\/2020\/08\/covid-logo-sq.jpg","articleSection":["Unkategorisiert"],"inLanguage":"de"},{"@type":"WebPage","@id":"https:\/\/euprevent.eu\/de\/auswirkungen-von-covid-19-auf-die-euroregion-maas-rhein\/","url":"https:\/\/euprevent.eu\/de\/auswirkungen-von-covid-19-auf-die-euroregion-maas-rhein\/","name":"Auswirkungen von COVID-19 auf die Euroregion Maas-Rhein - euPrevent","isPartOf":{"@id":"https:\/\/euprevent.eu\/de\/#website"},"primaryImageOfPage":{"@id":"https:\/\/euprevent.eu\/de\/auswirkungen-von-covid-19-auf-die-euroregion-maas-rhein\/#primaryimage"},"image":{"@id":"https:\/\/euprevent.eu\/de\/auswirkungen-von-covid-19-auf-die-euroregion-maas-rhein\/#primaryimage"},"thumbnailUrl":"https:\/\/euprevent.eu\/wp-content\/uploads\/2020\/08\/covid-logo-sq.jpg","datePublished":"2020-08-01T06:46:20+00:00","dateModified":"2020-09-29T11:42:52+00:00","author":{"@id":"https:\/\/euprevent.eu\/de\/#\/schema\/person\/c78f5e651f86d51d78976d2651a60b8b"},"breadcrumb":{"@id":"https:\/\/euprevent.eu\/de\/auswirkungen-von-covid-19-auf-die-euroregion-maas-rhein\/#breadcrumb"},"inLanguage":"de","potentialAction":[{"@type":"ReadAction","target":["https:\/\/euprevent.eu\/de\/auswirkungen-von-covid-19-auf-die-euroregion-maas-rhein\/"]}]},{"@type":"ImageObject","inLanguage":"de","@id":"https:\/\/euprevent.eu\/de\/auswirkungen-von-covid-19-auf-die-euroregion-maas-rhein\/#primaryimage","url":"https:\/\/euprevent.eu\/wp-content\/uploads\/2020\/08\/covid-logo-sq.jpg","contentUrl":"https:\/\/euprevent.eu\/wp-content\/uploads\/2020\/08\/covid-logo-sq.jpg","width":662,"height":548},{"@type":"BreadcrumbList","@id":"https:\/\/euprevent.eu\/de\/auswirkungen-von-covid-19-auf-die-euroregion-maas-rhein\/#breadcrumb","itemListElement":[{"@type":"ListItem","position":1,"name":"Home","item":"https:\/\/euprevent.eu\/de\/"},{"@type":"ListItem","position":2,"name":"Auswirkungen von COVID-19 auf die Euroregion Maas-Rhein"}]},{"@type":"WebSite","@id":"https:\/\/euprevent.eu\/de\/#website","url":"https:\/\/euprevent.eu\/de\/","name":"euPrevent","description":"euPrevent is a Euroregional network that focuses on promoting health. Within this network, sustainable partnerships seek to increase the quality of life of residents in the border region between the Netherlands, Belgium and Germany.","potentialAction":[{"@type":"SearchAction","target":{"@type":"EntryPoint","urlTemplate":"https:\/\/euprevent.eu\/de\/?s={search_term_string}"},"query-input":{"@type":"PropertyValueSpecification","valueRequired":true,"valueName":"search_term_string"}}],"inLanguage":"de"},{"@type":"Person","@id":"https:\/\/euprevent.eu\/de\/#\/schema\/person\/c78f5e651f86d51d78976d2651a60b8b","name":"Communication euPrevent"}]}},"_links":{"self":[{"href":"https:\/\/euprevent.eu\/de\/wp-json\/wp\/v2\/posts\/13367","targetHints":{"allow":["GET"]}}],"collection":[{"href":"https:\/\/euprevent.eu\/de\/wp-json\/wp\/v2\/posts"}],"about":[{"href":"https:\/\/euprevent.eu\/de\/wp-json\/wp\/v2\/types\/post"}],"author":[{"embeddable":true,"href":"https:\/\/euprevent.eu\/de\/wp-json\/wp\/v2\/users\/3"}],"replies":[{"embeddable":true,"href":"https:\/\/euprevent.eu\/de\/wp-json\/wp\/v2\/comments?post=13367"}],"version-history":[{"count":6,"href":"https:\/\/euprevent.eu\/de\/wp-json\/wp\/v2\/posts\/13367\/revisions"}],"predecessor-version":[{"id":13533,"href":"https:\/\/euprevent.eu\/de\/wp-json\/wp\/v2\/posts\/13367\/revisions\/13533"}],"wp:featuredmedia":[{"embeddable":true,"href":"https:\/\/euprevent.eu\/de\/wp-json\/wp\/v2\/media\/13415"}],"wp:attachment":[{"href":"https:\/\/euprevent.eu\/de\/wp-json\/wp\/v2\/media?parent=13367"}],"wp:term":[{"taxonomy":"category","embeddable":true,"href":"https:\/\/euprevent.eu\/de\/wp-json\/wp\/v2\/categories?post=13367"},{"taxonomy":"post_tag","embeddable":true,"href":"https:\/\/euprevent.eu\/de\/wp-json\/wp\/v2\/tags?post=13367"}],"curies":[{"name":"wp","href":"https:\/\/api.w.org\/{rel}","templated":true}]}}